{"id":16316,"date":"2025-10-08T21:34:10","date_gmt":"2025-10-08T21:34:10","guid":{"rendered":"https:\/\/www.europesays.com\/lv\/16316\/"},"modified":"2025-10-08T21:34:10","modified_gmt":"2025-10-08T21:34:10","slug":"ukraina-ierociem-nesanems-ne-kronu-no-cehijas-budzeta","status":"publish","type":"post","link":"https:\/\/www.europesays.com\/lv\/16316\/","title":{"rendered":"Ukraina iero\u010diem nesa\u0146ems ne kronu no \u010cehijas bud\u017eeta"},"content":{"rendered":"<p>&#8220;M\u0113s nedosim Ukrainai nevienu kronu no m\u016bsu bud\u017eeta iero\u010du ieg\u0101dei,&#8221; pazi\u0146oja Babi\u0161s. &#8220;Mums naudas nepietiek \u010cehijas Republikai.&#8221;<\/p>\n<p>Vi\u0146\u0161 nor\u0101d\u012bja, ka Kijiva sa\u0146em miljardiem lielu finansi\u0101lo pal\u012bdz\u012bbu caur Eiropas Savien\u012bbu (ES).<\/p>\n<p>Taj\u0101 pa\u0161\u0101 laik\u0101 Babi\u0161s nor\u0101d\u012bja, ka \u010dehu iero\u010du ra\u017eot\u0101ji var turpin\u0101t eksportu uz Ukrainu.<\/p>\n<p>Vi\u0146\u0161 ar\u012b aicin\u0101ja NATO p\u0101r\u0146emt \u010cehijas mun\u012bcijas iniciat\u012bvu, kuras ietvaros Ukraina sa\u0146\u0113musi aptuveni 3,5 miljonus lielkalibra artil\u0113rijas l\u0101di\u0146u, kas iepirkti tre\u0161aj\u0101s valst\u012bs.<\/p>\n","protected":false},"excerpt":{"rendered":"&#8220;M\u0113s nedosim Ukrainai nevienu kronu no m\u016bsu bud\u017eeta iero\u010du ieg\u0101dei,&#8221; pazi\u0146oja Babi\u0161s. &#8220;Mums naudas nepietiek \u010cehijas Republikai.&#8221; Vi\u0146\u0161&hellip;\n","protected":false},"author":2,"featured_media":16317,"comment_status":"","ping_status":"","sticky":false,"template":"","format":"standard","meta":{"footnotes":""},"categories":[5],"tags":[23,4716,28,29,2561,32,33,22,30,31,35,39,38,36,37,34,40,20,26,27,24,25,21],"class_list":{"0":"post-16316","1":"post","2":"type-post","3":"status-publish","4":"format-standard","5":"has-post-thumbnail","7":"category-aktualitates","8":"tag-aktualitates","9":"tag-andrejs-babiss","10":"tag-breaking-news","11":"tag-breakingnews","12":"tag-cehija","13":"tag-featured-news","14":"tag-featurednews","15":"tag-headlines","16":"tag-latest-news","17":"tag-latestnews","18":"tag-latvia","19":"tag-latvian","20":"tag-latviesu","21":"tag-latviesu-valoda","22":"tag-latviesuvaloda","23":"tag-latvija","24":"tag-lv","25":"tag-news","26":"tag-popularakas-zinas","27":"tag-popularakaszinas","28":"tag-top-stories","29":"tag-topstories","30":"tag-zinas"},"share_on_mastodon":{"url":"","error":""},"_links":{"self":[{"href":"https:\/\/www.europesays.com\/lv\/wp-json\/wp\/v2\/posts\/16316","targetHints":{"allow":["GET"]}}],"collection":[{"href":"https:\/\/www.europesays.com\/lv\/wp-json\/wp\/v2\/posts"}],"about":[{"href":"https:\/\/www.europesays.com\/lv\/wp-json\/wp\/v2\/types\/post"}],"author":[{"embeddable":true,"href":"https:\/\/www.europesays.com\/lv\/wp-json\/wp\/v2\/users\/2"}],"replies":[{"embeddable":true,"href":"https:\/\/www.europesays.com\/lv\/wp-json\/wp\/v2\/comments?post=16316"}],"version-history":[{"count":0,"href":"https:\/\/www.europesays.com\/lv\/wp-json\/wp\/v2\/posts\/16316\/revisions"}],"wp:featuredmedia":[{"embeddable":true,"href":"https:\/\/www.europesays.com\/lv\/wp-json\/wp\/v2\/media\/16317"}],"wp:attachment":[{"href":"https:\/\/www.europesays.com\/lv\/wp-json\/wp\/v2\/media?parent=16316"}],"wp:term":[{"taxonomy":"category","embeddable":true,"href":"https:\/\/www.europesays.com\/lv\/wp-json\/wp\/v2\/categories?post=16316"},{"taxonomy":"post_tag","embeddable":true,"href":"https:\/\/www.europesays.com\/lv\/wp-json\/wp\/v2\/tags?post=16316"}],"curies":[{"name":"wp","href":"https:\/\/api.w.org\/{rel}","templated":true}]}}