{"id":16341,"date":"2025-10-08T22:05:06","date_gmt":"2025-10-08T22:05:06","guid":{"rendered":"https:\/\/www.europesays.com\/lv\/16341\/"},"modified":"2025-10-08T22:05:06","modified_gmt":"2025-10-08T22:05:06","slug":"rezisora-oskara-rupenheita-kriminaldrama-ar-idealismu-talu-netiksi-skarba-atskats-uz-devindesmito-gadu-realitati-lente-lv","status":"publish","type":"post","link":"https:\/\/www.europesays.com\/lv\/16341\/","title":{"rendered":"Re\u017eisora Oskara Rupenheita krimin\u0101ldr\u0101ma &#8220;Ar ide\u0101lismu t\u0101lu netiksi&#8221; \u2013 skarba atskats uz devi\u0146desmito gadu realit\u0101ti\u00a0\u2014\u00a0Lente.lv"},"content":{"rendered":"<p>Krimin\u0101ldr\u0101ma &#8220;Ar ide\u0101lismu t\u0101lu netiksi&#8221;: Devi\u0146desmito gadu realit\u0101te uz ekr\u0101na<\/p>\n<p>Re\u017eisora Oskara Rupenheita jaun\u0101k\u0101 filma &#8220;Ar ide\u0101lismu t\u0101lu netiksi&#8221; pied\u0101v\u0101 skat\u012bt\u0101jiem skarbu un god\u012bgu ieskatu devi\u0146desmito gadu Latvijas realit\u0101t\u0113, \u012bpa\u0161i piev\u0113r\u0161oties krimin\u0101l\u0101s pasaules un ties\u012bbsarg\u0101jo\u0161o iest\u0101\u017eu savstarp\u0113jai mijiedarb\u012bbai \u0161aj\u0101 nemier\u012bgaj\u0101 v\u0113stures posm\u0101. Filma, kas balst\u012bta uz r\u016bp\u012bgu p\u0113t\u012bjumu un re\u0101l\u0101m dz\u012bves situ\u0101cij\u0101m, neatst\u0101j vienaldz\u012bgu nevienu, kur\u0161 v\u0113las saprast \u0161\u012b laikmeta b\u016bt\u012bbu un t\u0101 ietekmi uz cilv\u0113ku likte\u0146iem.<\/p>\n<p>Atgrie\u0161an\u0101s devi\u0146desmitajos: Filmas &#8220;Tum\u0161zilais Eva\u0146\u0123\u0113lijs&#8221; v\u0113st\u012bjums<\/p>\n<p>Filmas darb\u012bba risin\u0101s 1995. gad\u0101 R\u012bg\u0101, atspogu\u013cojot vienu no sare\u017e\u0123\u012bt\u0101kajiem Latvijas neatkar\u012bbas atjauno\u0161anas posmiem. Galvenais varonis, jaunais policijas leitnants Rom\u0101ns Skulte, ar pilnu entuziasmu uzs\u0101k savu dienestu, ta\u010du dr\u012bz vien saskaras ar brut\u0101lo realit\u0101ti, kas ir piln\u012bgi pret\u0113ja vi\u0146a ide\u0101listiskajai izpratnei par policista darbu. \u0160\u012b saskarsme ar korupciju, noziedz\u012bbu un sist\u0113mas nepiln\u012bb\u0101m liek vi\u0146am saprast, ka ide\u0101lisms vien nepietiek, lai izdz\u012bvotu un paveiktu savu darbu. Rupenheita krimin\u0101l\u0101 dr\u0101ma par devi\u0146desmitajiem gadiem nav tikai st\u0101sts par pag\u0101tni, bet gan par univers\u0101l\u0101m cilv\u0113cisk\u0101m t\u0113m\u0101m \u2013 izv\u0113li, god\u012bgumu un to, cik t\u0101lu cilv\u0113ks gatavs iet, lai pan\u0101ktu taisn\u012bgumu vai vienk\u0101r\u0161i izdz\u012bvotu sare\u017e\u0123\u012btos apst\u0101k\u013cos.<\/p>\n<p>Re\u017eisora Rupenheita unik\u0101lais skat\u012bjums un aktieru izv\u0113le<\/p>\n<p>Re\u017eisors Oskars Rupenheits, kur\u0161 ieguvis atzin\u012bbu jau ar iepriek\u0161\u0113jo filmu &#8220;Krimin\u0101l\u0101s ekselences fonds&#8221;, ar\u012b \u0161oreiz turpina savu unik\u0101lo pieeju kino veido\u0161an\u0101. Vi\u0146\u0161 ir veicis dzi\u013cu izp\u0113tes darbu, tiekoties ar t\u0101 laika izmekl\u0113t\u0101jiem, lai filmas scen\u0101rijs b\u016btu p\u0113c iesp\u0113jas autentisk\u0101ks. Interesanti, ka, l\u012bdz\u012bgi k\u0101 citos Rupenheita darbos, ar\u012b &#8220;Ar ide\u0101lismu t\u0101lu netiksi&#8221; piedal\u0101s neprofesion\u0101li aktieri, kas pie\u0161\u0137ir filmai \u012bpa\u0161u dz\u012bv\u012bgumu un realit\u0101tes izj\u016btu. Viens no filmas producentiem, Sergejs Timo\u0146ins, uzsver, ka, lai gan filma ir fikcija, daudzas deta\u013cas un situ\u0101cijas ir aizg\u016btas no re\u0101l\u0101s dz\u012bves, pat t\u0101s absurd\u0101k\u0101s. Rupenheita rado\u0161\u0101 komanda ar\u012b filmas tap\u0161anas laik\u0101 sask\u0101rusies ar izaicin\u0101jumiem, piem\u0113ram, film\u0113jot aukstos un nelabv\u0113l\u012bgos laika apst\u0101k\u013cos, kas, iesp\u0113jams, pal\u012bdz\u0113jis lab\u0101k iejusties devi\u0146desmito gadu kolekt\u012bvaj\u0101 &#8220;nosalu\u0161aj\u0101&#8221; un &#8220;pusbad\u0101&#8221; saj\u016bt\u0101.<\/p>\n<p>T\u0113mas un v\u0113st\u012bjums: Vair\u0101k nek\u0101 tikai krimin\u0101ldr\u0101ma<\/p>\n<p>&#8220;Ar ide\u0101lismu t\u0101lu netiksi&#8221; nav tikai krimin\u0101ldr\u0101ma par 90. gadu R\u012bgas tum\u0161aj\u0101m \u0161\u0137autn\u0113m; t\u0101 ir dzi\u013c\u0101ka refleksija par cilv\u0113ka iek\u0161\u0113jo pasauli, pretrun\u0101m starp sirdi un pr\u0101tu, k\u0101 ar\u012b par sabiedr\u012bbas spiedienu un indiv\u012bda c\u012b\u0146u par saviem principiem. Filma p\u0113ta, cik t\u0101lu cilv\u0113ks ir gatavs iet, lai sarg\u0101tu savus ide\u0101lus vai vienk\u0101r\u0161i izdz\u012bvotu, saskaroties ar dz\u012bv\u012bbas draudiem un mor\u0101l\u0101m dilemm\u0101m. \u0160is ir st\u0101sts par izv\u0113l\u0113m, kas katram no mums sav\u0101 dz\u012bv\u0113 j\u0101izdara, un par to, k\u0101 vide un apst\u0101k\u013ci var ietekm\u0113t m\u016bsu r\u012bc\u012bbu. Filma rosina skat\u012bt\u0101jus aizdom\u0101ties par saviem ide\u0101liem un par to, k\u0101 tie tiek p\u0101rbaud\u012bti m\u016bsdienu main\u012bgaj\u0101 pasaul\u0113.<\/p>\n<p>Latvijas kino un devi\u0146desmito gadu atspogu\u013cojums<\/p>\n<p>Filma &#8220;Ar ide\u0101lismu t\u0101lu netiksi&#8221; (ar\u012b zin\u0101ma k\u0101 &#8220;Tum\u0161zilais Eva\u0146\u0123\u0113lijs&#8221;) ir noz\u012bm\u012bgs papildin\u0101jums Latvijas kino ainav\u0101, \u012bpa\u0161i attiec\u012bb\u0101 uz devi\u0146desmito gadu perioda att\u0113lojumu. \u0160is bija laiks, kad Latvija v\u0113l tikai mekl\u0113ja savu identit\u0101ti p\u0113c Padomju Savien\u012bbas sabrukuma, un likuma sargi bie\u017ei vien darboj\u0101s uz vienas platformas ar krimin\u0101lo pasauli, radot sare\u017e\u0123\u012btu un pretrun\u012bgu vidi. Rupenheita darbs sniedz skat\u012bt\u0101jiem unik\u0101lu iesp\u0113ju iel\u016bkoties \u0161aj\u0101 v\u0113sturiskaj\u0101 posm\u0101, izprotot t\u0101 sare\u017e\u0123\u012bt\u012bbas un sekas. T\u0101pat k\u0101 &#8220;Krimin\u0101l\u0101s ekselences fonds&#8221;, ar\u012b &#8220;Ar ide\u0101lismu t\u0101lu netiksi&#8221; pied\u0101v\u0101 spilgtu st\u0101stu un unik\u0101lu atmosf\u0113ru, kas sp\u0113j aizraut un likt aizdom\u0101ties. Filma ir ieguvusi atzin\u012bbu un tiek demonstr\u0113ta ar\u012b starptautiskos kinofestiv\u0101los, piem\u0113ram, Tallinas filmu festiv\u0101l\u0101 &#8220;Black Nights&#8221; (P\u00d6FF), apliecinot t\u0101s potenci\u0101lu iekarot ar\u012b pla\u0161\u0101ku auditoriju.<\/p>\n","protected":false},"excerpt":{"rendered":"Krimin\u0101ldr\u0101ma &#8220;Ar ide\u0101lismu t\u0101lu netiksi&#8221;: Devi\u0146desmito gadu realit\u0101te uz ekr\u0101na Re\u017eisora Oskara Rupenheita jaun\u0101k\u0101 filma &#8220;Ar ide\u0101lismu t\u0101lu&hellip;\n","protected":false},"author":2,"featured_media":16342,"comment_status":"","ping_status":"","sticky":false,"template":"","format":"standard","meta":{"footnotes":""},"categories":[19],"tags":[5584,5585,89,90,1948,35,39,38,36,37,34,100,40,1950],"class_list":{"0":"post-16341","1":"post","2":"type-post","3":"status-publish","4":"format-standard","5":"has-post-thumbnail","7":"category-izklaide","8":"tag-ar-idealismu-talu-netiksi","9":"tag-devindesmitie-gadi","10":"tag-entertainment","11":"tag-izklaide","12":"tag-kriminaldrama","13":"tag-latvia","14":"tag-latvian","15":"tag-latviesu","16":"tag-latviesu-valoda","17":"tag-latviesuvaloda","18":"tag-latvija","19":"tag-latvijas-kino","20":"tag-lv","21":"tag-oskars-rupenheits"},"share_on_mastodon":{"url":"","error":""},"_links":{"self":[{"href":"https:\/\/www.europesays.com\/lv\/wp-json\/wp\/v2\/posts\/16341","targetHints":{"allow":["GET"]}}],"collection":[{"href":"https:\/\/www.europesays.com\/lv\/wp-json\/wp\/v2\/posts"}],"about":[{"href":"https:\/\/www.europesays.com\/lv\/wp-json\/wp\/v2\/types\/post"}],"author":[{"embeddable":true,"href":"https:\/\/www.europesays.com\/lv\/wp-json\/wp\/v2\/users\/2"}],"replies":[{"embeddable":true,"href":"https:\/\/www.europesays.com\/lv\/wp-json\/wp\/v2\/comments?post=16341"}],"version-history":[{"count":0,"href":"https:\/\/www.europesays.com\/lv\/wp-json\/wp\/v2\/posts\/16341\/revisions"}],"wp:featuredmedia":[{"embeddable":true,"href":"https:\/\/www.europesays.com\/lv\/wp-json\/wp\/v2\/media\/16342"}],"wp:attachment":[{"href":"https:\/\/www.europesays.com\/lv\/wp-json\/wp\/v2\/media?parent=16341"}],"wp:term":[{"taxonomy":"category","embeddable":true,"href":"https:\/\/www.europesays.com\/lv\/wp-json\/wp\/v2\/categories?post=16341"},{"taxonomy":"post_tag","embeddable":true,"href":"https:\/\/www.europesays.com\/lv\/wp-json\/wp\/v2\/tags?post=16341"}],"curies":[{"name":"wp","href":"https:\/\/api.w.org\/{rel}","templated":true}]}}