{"id":16351,"date":"2025-10-08T22:54:12","date_gmt":"2025-10-08T22:54:12","guid":{"rendered":"https:\/\/www.europesays.com\/lv\/16351\/"},"modified":"2025-10-08T22:54:12","modified_gmt":"2025-10-08T22:54:12","slug":"bijam-laimigi-redzet-tik-daudz-latvijas-karogus-trase-motoru-sports-sportacentrs-com","status":"publish","type":"post","link":"https:\/\/www.europesays.com\/lv\/16351\/","title":{"rendered":"&#8220;Bij\u0101m laim\u012bgi redz\u0113t tik daudz Latvijas karogus tras\u0113&#8221; \u2013 Motoru sports \u2013 Sportacentrs.com"},"content":{"rendered":"<p>Nupat izc\u012bn\u012bjis Eiropas \u010dempiona titulu EMX250 klas\u0113, N\u0101ciju motokros\u0101 J\u0101nis M\u0101rti\u0146\u0161 Rei\u0161ulis p\u0101rst\u0101v\u0113ja MX2 klasi, c\u012bnoties pret daudziem pasaules \u010dempion\u0101ta pieredzi guvu\u0161iem sportistiem. K\u0101rlim Albertam Rei\u0161ulim, kur\u0161 savuk\u0101rt \u0161ogad aizvad\u012bja pirmo pilno sezonu MX2 pasaules \u010dempion\u0101t\u0101, bija dots uzdevums start\u0113t jaud\u012bgaj\u0101 MXGP klas\u0113. Abiem fin\u0101lbraucienos bija savas gr\u016bt\u012bbas &#8211; J\u0101nim vair\u0101ki kritieni, bet K\u0101rlim j\u0101c\u012bn\u0101s ar muguras s\u0101p\u0113m.<\/p>\n<p>&#8220;Jau kvalifik\u0101cij\u0101 pui\u0161i pierad\u012bja savu \u0101trumu tras\u0113,&#8221; st\u0101sta L\u012bga Liepi\u0146a. &#8220;Sacens\u012bb\u0101s sv\u0113tdien pirmaj\u0101 braucien\u0101 p\u0113c kritiena starta l\u012bkum\u0101 J\u0101nis sp\u0113ja sa\u0146emt sp\u0113kus un turpin\u0101t braucienu, kam\u0113r v\u0101cietim Simonam Langenfelderam n\u0101c\u0101s izst\u0101ties. Brauciena vid\u016b J\u0101nis piedz\u012bvoja v\u0113l vienu kritienu, kad tikko apdz\u012btais konkurents taran\u0113ja J\u0101\u0146a motociklu. Uz otro braucienu atp\u016bta bija vien pusstunda, tom\u0113r J\u0101nis par\u0101d\u012bja lielisku \u0101trumu un c\u012b\u0146assparu. K\u0101rlis atdeva visus sp\u0113kus, ned\u0113\u013cas nogal\u0113 c\u012bnoties ne tikai ar konkurentiem, bet ar\u012b ar muguras s\u0101p\u0113m.&#8221;<\/p>\n<p>L\u012bga Liepi\u0146a saka paldies tiem, kas pal\u012bdz\u0113ja br\u0101\u013ciem gan ce\u013c\u0101 uz N\u0101cijas kausu, gan ar\u012b sacens\u012bb\u0101s, t\u0101pat l\u012bdzjut\u0113jiem, kas nov\u0113rt\u0113ja veikumu. Vi\u0146a ar\u012b devusi ieteikumu tiem, kuru atsauksmes par latvie\u0161u sportistu veikumu nav t\u0101s pozit\u012bv\u0101k\u0101s.<\/p>\n<p>&#8220;Paldies pui\u0161u komand\u0101m! Ir neticami skaisti redz\u0113t, k\u0101 meh\u0101ni\u0137i un treneri, kas ir franc\u016b\u017ei un holandie\u0161i, ar lepnumu uzvelk Latvijas kreklus un ar visu sirdi ir par m\u016bs\u0113jiem! Paldies visiem latvie\u0161iem, kas bija atbrauku\u0161i uz t\u0101lo Ameriku! Bij\u0101m laim\u012bgi redz\u0113t tik daudz Latvijas karogus tras\u0113 un fanus pie pui\u0161u nometnes! Paldies daudzajiem l\u012bdzjut\u0113jiem Latvij\u0101! Tiem, kas raksta niev\u0101jo\u0161us koment\u0101rus un ir v\u012blu\u0161ies, ka pui\u0161i nav augst\u0101k\u0101 viet\u0101, iesaku m\u0101c\u012bties no amerik\u0101\u0146iem. Jo lai kur\u0101 poz\u012bcij\u0101 tras\u0113 b\u016btu vi\u0146u sportists, vi\u0146u atbalsts ir vienl\u012bdz sp\u0113c\u012bgs. Jo vi\u0146i zina, ka ir lieli un stipri, pat ja k\u0101dreiz kaut kas neveicas. Es teiktu, ka t\u0101 ir visskaist\u0101k\u0101 doma, kas mums j\u0101ieliek som\u0101 un j\u0101atved uz Latviju. Ka m\u0113s esam lieli un stipri!&#8221;<\/p>\n","protected":false},"excerpt":{"rendered":"Nupat izc\u012bn\u012bjis Eiropas \u010dempiona titulu EMX250 klas\u0113, N\u0101ciju motokros\u0101 J\u0101nis M\u0101rti\u0146\u0161 Rei\u0161ulis p\u0101rst\u0101v\u0113ja MX2 klasi, c\u012bnoties pret daudziem&hellip;\n","protected":false},"author":2,"featured_media":16352,"comment_status":"","ping_status":"","sticky":false,"template":"","format":"standard","meta":{"footnotes":""},"categories":[17],"tags":[35,39,38,36,37,34,40,165,67],"class_list":{"0":"post-16351","1":"post","2":"type-post","3":"status-publish","4":"format-standard","5":"has-post-thumbnail","7":"category-sports","8":"tag-latvia","9":"tag-latvian","10":"tag-latviesu","11":"tag-latviesu-valoda","12":"tag-latviesuvaloda","13":"tag-latvija","14":"tag-lv","15":"tag-motoru-sports","16":"tag-sports"},"share_on_mastodon":{"url":"","error":""},"_links":{"self":[{"href":"https:\/\/www.europesays.com\/lv\/wp-json\/wp\/v2\/posts\/16351","targetHints":{"allow":["GET"]}}],"collection":[{"href":"https:\/\/www.europesays.com\/lv\/wp-json\/wp\/v2\/posts"}],"about":[{"href":"https:\/\/www.europesays.com\/lv\/wp-json\/wp\/v2\/types\/post"}],"author":[{"embeddable":true,"href":"https:\/\/www.europesays.com\/lv\/wp-json\/wp\/v2\/users\/2"}],"replies":[{"embeddable":true,"href":"https:\/\/www.europesays.com\/lv\/wp-json\/wp\/v2\/comments?post=16351"}],"version-history":[{"count":0,"href":"https:\/\/www.europesays.com\/lv\/wp-json\/wp\/v2\/posts\/16351\/revisions"}],"wp:featuredmedia":[{"embeddable":true,"href":"https:\/\/www.europesays.com\/lv\/wp-json\/wp\/v2\/media\/16352"}],"wp:attachment":[{"href":"https:\/\/www.europesays.com\/lv\/wp-json\/wp\/v2\/media?parent=16351"}],"wp:term":[{"taxonomy":"category","embeddable":true,"href":"https:\/\/www.europesays.com\/lv\/wp-json\/wp\/v2\/categories?post=16351"},{"taxonomy":"post_tag","embeddable":true,"href":"https:\/\/www.europesays.com\/lv\/wp-json\/wp\/v2\/tags?post=16351"}],"curies":[{"name":"wp","href":"https:\/\/api.w.org\/{rel}","templated":true}]}}