{"id":16357,"date":"2025-10-08T23:12:07","date_gmt":"2025-10-08T23:12:07","guid":{"rendered":"https:\/\/www.europesays.com\/lv\/16357\/"},"modified":"2025-10-08T23:12:07","modified_gmt":"2025-10-08T23:12:07","slug":"lebs-un-al-atija-apmainas-ar-sturmaniem-gatavojoties-cinai-par-uzvaru-lente-lv","status":"publish","type":"post","link":"https:\/\/www.europesays.com\/lv\/16357\/","title":{"rendered":"L\u0113bs un Al-Atija apmain\u0101s ar st\u016brma\u0146iem, gatavojoties c\u012b\u0146ai par uzvaru\u00a0\u2014\u00a0Lente.lv"},"content":{"rendered":"<p>Dakar rallija zvaigznes maina taktiku: L\u0113bs un Al-Atija apmain\u0101s st\u016brma\u0146iem<\/p>\n<p>Slavenais rallijists Sebastjans L\u0113bs, kur\u0161 devi\u0146as reizes k\u013cuvis par pasaules \u010dempionu WRC, ar\u012b turpm\u0101k \u012bstenos savu sapni par uzvaru presti\u017eaj\u0101 Dakaras rallij\u0101. Tom\u0113r vi\u0146a ce\u013c\u0161 uz pan\u0101kumiem 2025. gada sezon\u0101 notiks ar jaunu st\u016brmani rok\u0101s. \u0160\u012b gada sezon\u0101, k\u0101 ar\u012b gaid\u0101maj\u0101 2026. gada Dakaras rallij\u0101, pl\u0101nots, ka L\u0113bu pilot\u0113s fran\u010du pilots Ed\u016bards Boulangers, savuk\u0101rt be\u013c\u0123u pilots Fabians Lurkins ie\u0146ems vietu blakus Kataras sportistam Nas\u0113ram Al-Atijam. \u0160\u012b neparast\u0101, bet strat\u0113\u0123iski p\u0101rdom\u0101t\u0101 st\u016brma\u0146u mai\u0146a Dacia komandas sast\u0101v\u0101 tiek uzskat\u012bta par centieniem uzlabot komandas sniegumu un rad\u012bt jaunas siner\u0123ijas.<\/p>\n<p>Jauni izaicin\u0101jumi un cer\u012bbas<\/p>\n<p>Sebastjans L\u0113bs, kur\u0161 neskatoties uz iespaid\u012bgo karjeru autosport\u0101, v\u0113l nav sp\u0113jis izc\u012bn\u012bt uzvaru Dakaras rallij\u0101, ir ap\u0146\u0113m\u012bbas pilns main\u012bt \u0161o statistiku. Vi\u0146\u0161 ir piedal\u012bjies asto\u0146\u0101s Dakaras izc\u012b\u0146\u0101s, ieguvis piecas godalgas un uzst\u0101d\u012bjis rekordu, uzvarot se\u0161os posmos p\u0113c k\u0101rtas 2023. gad\u0101, tom\u0113r kopv\u0113rt\u0113juma uzvara joproj\u0101m ir nepiepild\u012bts m\u0113r\u0137is. Ar jauno Dacia Sandrider automa\u0161\u012bnu, kas pier\u0101d\u012bjusi savu konkur\u0113tsp\u0113ju jau pirmajos startos, L\u0113bs cer uz pan\u0101kumiem. Vi\u0146a jaunais st\u016brmanis, Ed\u016bards Boulangers, ir pieredz\u0113jis speci\u0101lists, kur\u0161 iepriek\u0161 ir uzvar\u0113jis Dakaras rallij\u0101 kop\u0101 ar Stef\u0101nu Peterhanselu un 2024. gad\u0101 ieguvis pasaules \u010dempiona titulu W2RC kop\u0101 ar Nas\u0113ru Al-Atiju. Boulangers ir atzin\u012bgi nov\u0113rt\u0113jis L\u0113ba sp\u0113jas piel\u0101goties da\u017e\u0101diem apst\u0101k\u013ciem un vi\u0146a prasmi kontrol\u0113t tempu. L\u0113bs uzsver, ka vi\u0146\u0161 nepl\u0101no uzspiest Boulangeram savu redz\u0113jumu par darbu, bet gan \u013caut vi\u0146am str\u0101d\u0101t sav\u0101 stil\u0101, t\u0101d\u0113j\u0101di kop\u012bgi pilnveidojot sadarb\u012bbu.<\/p>\n<p>Al-Atija \u2013 pieredze un amb\u012bcijas<\/p>\n<p>Tikm\u0113r pieck\u0101rt\u0113jais Dakaras rallija uzvar\u0113t\u0101js Nas\u0113rs Al-Atija, kur\u0161 jau iepriek\u0161 ir sadarbojies ar Boulangeru, dodoties kop\u012bg\u0101 uzvaru ce\u013c\u0101 Rallye du Maroc un izc\u012bnot W2RC titulu, tagad uzs\u0101ks jaunu noda\u013cu kop\u0101 ar Fabiana Lurkinu. Al-Atija ir paz\u012bstams ar savu sp\u0113ju uzvar\u0113t ar da\u017e\u0101diem auto ra\u017eot\u0101jiem, un vi\u0146a m\u0113r\u0137is ir izc\u012bn\u012bt sesto Dakaras uzvaru ar Dacia Sandrider. Vi\u0146a debija ar Dacia Rallye du Maroc izc\u012bn\u012bja uzvaru, un vi\u0146\u0161 ir p\u0101rliecin\u0101ts par automa\u0161\u012bnas potenci\u0101lu. Al-Atija atz\u012bst, ka L\u0113bs ir viens no lab\u0101kajiem brauc\u0113jiem pasaul\u0113, un vi\u0146\u0161 cer, ka abi komandas biedri sp\u0113s sasniegt savus m\u0113r\u0137us.<\/p>\n<p>Strat\u0113\u0123isk\u0101 st\u016brma\u0146u mai\u0146a<\/p>\n<p>\u0160\u012b st\u016brma\u0146u mai\u0146a ir Dacia komandas strat\u0113\u0123isks solis, lai palielin\u0101tu izredzes uz uzvaru gan individu\u0101laj\u0101 ieskait\u0113, gan pasaules \u010dempion\u0101t\u0101. Lai gan s\u0101kotn\u0113ji var \u0161\u0137ist neparasti, ka divi sp\u0113c\u012bgi brauc\u0113ji savstarp\u0113ji apmain\u0101s ar st\u016brma\u0146iem, tas ir r\u016bp\u012bgi p\u0101rdom\u0101ts l\u0113mums. Komandas vad\u012bba uzskata, ka \u0161\u0101da p\u0101rmai\u0146a rad\u012bs jaunas motiv\u0101cijas dzirksteles un pal\u012bdz\u0113s katram brauc\u0113jam sasniegt savu augst\u0101ko sniegumu. Gan L\u0113bs, gan Al-Atija ir izteiku\u0161i optimistiskas prognozes par jauno sadarb\u012bbu, un abi ir gatavi doties uz starta l\u012bnijas ar jaunu sparu un p\u0101rliec\u012bbu par sav\u0101m sp\u0113j\u0101m.<\/p>\n<p>Dakaras rallija perspekt\u012bvas<\/p>\n<p>2025. gada Dakaras rallijs sola aizraujo\u0161u un neprognoz\u0113jamu c\u012b\u0146u. Jaun\u0101s Dacia Sandrider automa\u0161\u012bnas, pieredz\u0113ju\u0161ie brauc\u0113ji un strat\u0113\u0123isk\u0101s p\u0101rmai\u0146as komand\u0101 rada augstas gaidas. Gan L\u0113bs, gan Al-Atija ir starp galvenajiem favor\u012btiem, un vi\u0146u sp\u0113ko\u0161an\u0101s par uzvaru sola daudz adrenal\u012bna un aizraujo\u0161u momentu skat\u012bt\u0101jiem vis\u0101 pasaul\u0113. Lai gan L\u0113bam v\u0113l nav izdevies izc\u012bn\u012bt uzvaru Dakaras rallij\u0101, vi\u0146a neatlaid\u012bba un sp\u0113ja piel\u0101goties jaun\u0101m situ\u0101cij\u0101m liecina, ka \u0161is m\u0113r\u0137is joproj\u0101m ir sasniedzams. Al-Atija, savuk\u0101rt, ir pier\u0101d\u012bjis savu meistar\u012bbu un sp\u0113ju uzvar\u0113t, un vi\u0146a amb\u012bcijas ir skaidras \u2013 sestais tituls.<\/p>\n","protected":false},"excerpt":{"rendered":"Dakar rallija zvaigznes maina taktiku: L\u0113bs un Al-Atija apmain\u0101s st\u016brma\u0146iem Slavenais rallijists Sebastjans L\u0113bs, kur\u0161 devi\u0146as reizes k\u013cuvis&hellip;\n","protected":false},"author":2,"featured_media":16358,"comment_status":"","ping_status":"","sticky":false,"template":"","format":"standard","meta":{"footnotes":""},"categories":[17],"tags":[5596,5592,35,39,38,36,37,34,40,5594,5593,67,5595],"class_list":{"0":"post-16357","1":"post","2":"type-post","3":"status-publish","4":"format-standard","5":"has-post-thumbnail","7":"category-sports","8":"tag-dacia-sandrider","9":"tag-dakaras-rallijs","10":"tag-latvia","11":"tag-latvian","12":"tag-latviesu","13":"tag-latviesu-valoda","14":"tag-latviesuvaloda","15":"tag-latvija","16":"tag-lv","17":"tag-nasers-al-atija","18":"tag-sebastjans-lebs","19":"tag-sports","20":"tag-sturmanis"},"share_on_mastodon":{"url":"","error":""},"_links":{"self":[{"href":"https:\/\/www.europesays.com\/lv\/wp-json\/wp\/v2\/posts\/16357","targetHints":{"allow":["GET"]}}],"collection":[{"href":"https:\/\/www.europesays.com\/lv\/wp-json\/wp\/v2\/posts"}],"about":[{"href":"https:\/\/www.europesays.com\/lv\/wp-json\/wp\/v2\/types\/post"}],"author":[{"embeddable":true,"href":"https:\/\/www.europesays.com\/lv\/wp-json\/wp\/v2\/users\/2"}],"replies":[{"embeddable":true,"href":"https:\/\/www.europesays.com\/lv\/wp-json\/wp\/v2\/comments?post=16357"}],"version-history":[{"count":0,"href":"https:\/\/www.europesays.com\/lv\/wp-json\/wp\/v2\/posts\/16357\/revisions"}],"wp:featuredmedia":[{"embeddable":true,"href":"https:\/\/www.europesays.com\/lv\/wp-json\/wp\/v2\/media\/16358"}],"wp:attachment":[{"href":"https:\/\/www.europesays.com\/lv\/wp-json\/wp\/v2\/media?parent=16357"}],"wp:term":[{"taxonomy":"category","embeddable":true,"href":"https:\/\/www.europesays.com\/lv\/wp-json\/wp\/v2\/categories?post=16357"},{"taxonomy":"post_tag","embeddable":true,"href":"https:\/\/www.europesays.com\/lv\/wp-json\/wp\/v2\/tags?post=16357"}],"curies":[{"name":"wp","href":"https:\/\/api.w.org\/{rel}","templated":true}]}}