{"id":163779,"date":"2026-03-26T19:59:20","date_gmt":"2026-03-26T19:59:20","guid":{"rendered":"https:\/\/www.europesays.com\/lv\/163779\/"},"modified":"2026-03-26T19:59:20","modified_gmt":"2026-03-26T19:59:20","slug":"ukraina-mekle-brunojuma-partneribu-ar-persijas-lica-valstim-lente-lv","status":"publish","type":"post","link":"https:\/\/www.europesays.com\/lv\/163779\/","title":{"rendered":"Ukraina mekl\u0113 bru\u0146ojuma partner\u012bbu ar Persijas l\u012b\u010da valst\u012bm\u00a0\u2014\u00a0Lente.lv"},"content":{"rendered":"<p>Ukraina v\u0113las att\u012bst\u012bt bru\u0146ojuma sadarb\u012bbu ar Persijas l\u012b\u010da valst\u012bm<\/p>\n<p>Ukraina akt\u012bvi mekl\u0113 iesp\u0113jas att\u012bst\u012bt partner\u012bbu bru\u0146ojuma jom\u0101 ar Persijas l\u012b\u010da valst\u012bm, tre\u0161dien pazi\u0146ojis Ukrainas prezidents Volodimirs Zelenskis. Vi\u0146\u0161 nor\u0101d\u012bjis, ka \u0161\u012bs valstis izr\u0101da interesi par Ukrainas pieredzi c\u012b\u0146\u0101 pret dronu uzbrukumiem, \u012bpa\u0161i \u0146emot v\u0113r\u0101 re\u0123ion\u0101 pieaugo\u0161os spriedzi ar Ir\u0101nu. Zelenskis uzsv\u0113ra potenci\u0101lu abpus\u0113ji izdev\u012bgai sadarb\u012bbai, kur\u0101 Ukraina var\u0113tu stiprin\u0101t t\u0101s valstis, kuras var\u0113tu stiprin\u0101t Ukrainu.<\/p>\n<p>Bru\u0146ojuma partner\u012bbas noz\u012bme Ukrainai<\/p>\n<p>\u0160\u0101di sadarb\u012bbas centieni ir da\u013ca no Ukrainas pla\u0161\u0101k\u0101m strat\u0113\u0123ij\u0101m, lai stiprin\u0101tu savu aizsardz\u012bbas sp\u0113jas un att\u012bst\u012btu savu milit\u0101ro industriju. Jau iepriek\u0161 Ukrainas prezidents ir paudis v\u0113lmi att\u012bst\u012bt bru\u0146ojuma ra\u017eo\u0161anu sav\u0101 teritorij\u0101, piesaistot \u0101rvalstu invest\u012bcijas un tehnolo\u0123ijas. Lai gan Ukrainai pirms pilna m\u0113roga Krievijas iebrukuma bija att\u012bst\u012bta milit\u0101r\u0101 industrija, da\u013ca ra\u017eot\u0146u tika izn\u012bcin\u0101tas. Ukraina pl\u0101no ats\u0101kt ra\u017eo\u0161anu atbilsto\u0161i NATO standartiem, ta\u010du tas prasa iev\u0113rojamas invest\u012bcijas un partneru gatav\u012bbu uz\u0146emties riskus. Rietumu komp\u0101nijas, piem\u0113ram, &#8220;Rheinmetall&#8221; un &#8220;BAE Systems&#8221;, jau ir s\u0101ku\u0161as tehnisko apkopes un remonta centru veido\u0161anu Ukrain\u0101, kas ir pirmais solis tuv\u0101kai ra\u017eo\u0161anas sadarb\u012bbai.<\/p>\n<p>Re\u0123ion\u0101l\u0101s dro\u0161\u012bbas konteksts un dronu tehnolo\u0123ijas<\/p>\n<p>Interese par Ukrainas zin\u0101\u0161an\u0101m c\u012b\u0146\u0101 pret droniem ir \u012bpa\u0161i aktu\u0101la, \u0146emot v\u0113r\u0101 dro\u0161\u012bbas situ\u0101ciju Persijas l\u012b\u010da re\u0123ion\u0101. P\u0113d\u0113j\u0101 laik\u0101 vair\u0101kas re\u0123iona valstis ir zi\u0146oju\u0161as par Ir\u0101nas triecieniem, kas v\u0113rsti gan uz milit\u0101riem objektiem, gan civilo infrastrukt\u016bru. \u0160ie uzbrukumi, kas bie\u017ei izmanto dronu un ra\u0137e\u0161u tehnolo\u0123ijas, rada iev\u0113rojamus ekonomiskos zaud\u0113jumus un rada spiedienu uz re\u0123iona stabilit\u0101ti. Ukrainas pieredze ar dronu tehnolo\u0123iju izstr\u0101di un izmanto\u0161anu kaujas apst\u0101k\u013cos var\u0113tu pied\u0101v\u0101t v\u0113rt\u012bgus risin\u0101jumus \u0161\u012bm valst\u012bm.<\/p>\n<p>Latvijas loma un sadarb\u012bba ar Ukrainu<\/p>\n<p>Latvija akt\u012bvi veicina sadarb\u012bbu ar Ukrainu aizsardz\u012bbas industrijas att\u012bst\u012bbas jom\u0101. Mart\u0101 parakst\u012btais sapra\u0161an\u0101s memorands starp Latviju un Ukrainas uz\u0146\u0113m\u0113jdarb\u012bbas un aizsardz\u012bbas industrijas organiz\u0101cij\u0101m paredz cie\u0161u ilgtermi\u0146a sadarb\u012bbu, veicinot kop\u012bgas aizsardz\u012bbas ekosist\u0113mas izveidi. Latvija sniedz atbalstu Ukrainas uz\u0146\u0113mumiem, kas v\u0113las s\u0101kt vai papla\u0161in\u0101t darb\u012bbu Latvij\u0101, veicinot tehnolo\u0123isko apmai\u0146u un abu valstu ekonomisko izaugsmi. K\u0101 nor\u0101d\u012bjis aizsardz\u012bbas ministrs Andris Spr\u016bds, Latvijai ir potenci\u0101ls k\u013c\u016bt par noz\u012bm\u012bgu sp\u0113l\u0113t\u0101ju Eiropas aizsardz\u012bbas tehnolo\u0123ij\u0101s un stabilu b\u0101zi Ukrainas uz\u0146\u0113mumiem.<\/p>\n<p>Pasaules bru\u0146ojuma tirgus un Ukrainas poz\u012bcija<\/p>\n<p>Starptautisk\u0101 bru\u0146ojuma tirgus ir dinamiska vide, un Ukraina cen\u0161as nostiprin\u0101t savu poz\u012bciju, pied\u0101v\u0101jot unik\u0101lu pieredzi un tehnolo\u0123ijas. Sadarb\u012bba ar Persijas l\u012b\u010da valst\u012bm var\u0113tu atv\u0113rt jaunas iesp\u0113jas gan Ukrainas milit\u0101rajai r\u016bpniec\u012bbai, gan t\u0101s sp\u0113jai nodro\u0161in\u0101t aizsardz\u012bbu pret agresiju. \u0160\u0101di partner\u012bbas centieni atspogu\u013co Ukrainas v\u0113lmi k\u013c\u016bt par pilnv\u0113rt\u012bgu partneri starptautiskaj\u0101 dro\u0161\u012bbas arhitekt\u016br\u0101.<\/p>\n","protected":false},"excerpt":{"rendered":"Ukraina v\u0113las att\u012bst\u012bt bru\u0146ojuma sadarb\u012bbu ar Persijas l\u012b\u010da valst\u012bm Ukraina akt\u012bvi mekl\u0113 iesp\u0113jas att\u012bst\u012bt partner\u012bbu bru\u0146ojuma jom\u0101 ar&hellip;\n","protected":false},"author":2,"featured_media":163780,"comment_status":"","ping_status":"","sticky":false,"template":"","format":"standard","meta":{"footnotes":"","_share_on_mastodon":"0"},"categories":[5],"tags":[23,28,29,9482,334,32,33,22,30,31,35,39,38,36,37,34,40,20,25879,26,27,24,25,276,178,21],"class_list":["post-163779","post","type-post","status-publish","format-standard","has-post-thumbnail","category-aktualitates","tag-aktualitates","tag-breaking-news","tag-breakingnews","tag-brunojums","tag-drosiba","tag-featured-news","tag-featurednews","tag-headlines","tag-latest-news","tag-latestnews","tag-latvia","tag-latvian","tag-latviesu","tag-latviesu-valoda","tag-latviesuvaloda","tag-latvija","tag-lv","tag-news","tag-persijas-lica-valstis","tag-popularakas-zinas","tag-popularakaszinas","tag-top-stories","tag-topstories","tag-ukraina","tag-volodimirs-zelenskis","tag-zinas"],"share_on_mastodon":{"url":"https:\/\/pubeurope.com\/@lv\/116297253738159912","error":""},"_links":{"self":[{"href":"https:\/\/www.europesays.com\/lv\/wp-json\/wp\/v2\/posts\/163779","targetHints":{"allow":["GET"]}}],"collection":[{"href":"https:\/\/www.europesays.com\/lv\/wp-json\/wp\/v2\/posts"}],"about":[{"href":"https:\/\/www.europesays.com\/lv\/wp-json\/wp\/v2\/types\/post"}],"author":[{"embeddable":true,"href":"https:\/\/www.europesays.com\/lv\/wp-json\/wp\/v2\/users\/2"}],"replies":[{"embeddable":true,"href":"https:\/\/www.europesays.com\/lv\/wp-json\/wp\/v2\/comments?post=163779"}],"version-history":[{"count":0,"href":"https:\/\/www.europesays.com\/lv\/wp-json\/wp\/v2\/posts\/163779\/revisions"}],"wp:featuredmedia":[{"embeddable":true,"href":"https:\/\/www.europesays.com\/lv\/wp-json\/wp\/v2\/media\/163780"}],"wp:attachment":[{"href":"https:\/\/www.europesays.com\/lv\/wp-json\/wp\/v2\/media?parent=163779"}],"wp:term":[{"taxonomy":"category","embeddable":true,"href":"https:\/\/www.europesays.com\/lv\/wp-json\/wp\/v2\/categories?post=163779"},{"taxonomy":"post_tag","embeddable":true,"href":"https:\/\/www.europesays.com\/lv\/wp-json\/wp\/v2\/tags?post=163779"}],"curies":[{"name":"wp","href":"https:\/\/api.w.org\/{rel}","templated":true}]}}