{"id":16383,"date":"2025-10-09T01:28:10","date_gmt":"2025-10-09T01:28:10","guid":{"rendered":"https:\/\/www.europesays.com\/lv\/16383\/"},"modified":"2025-10-09T01:28:10","modified_gmt":"2025-10-09T01:28:10","slug":"pec-sniega-vetras-izglabti-turisti-kas-bija-iesprudusi-everesta","status":"publish","type":"post","link":"https:\/\/www.europesays.com\/lv\/16383\/","title":{"rendered":"P\u0113c sniega v\u0113tras izgl\u0101bti t\u016bristi, kas bija iespr\u016bdu\u0161i Everest\u0101"},"content":{"rendered":"<p>Apm\u0113ram 900 alp\u012bnistu un vi\u0146u pavado\u0146u, kas ned\u0113\u013cas nogali bija spiesti pavad\u012bt Everesta \u0136\u012bnas pus\u0113 sniega v\u0113tras d\u0113\u013c, ir nok\u013cuvu\u0161i dro\u0161\u012bb\u0101, otrdienas vakar\u0101 zi\u0146oja \u0136\u012bnas valsts mediji.<\/p>\n<p>Sestdienas vakar\u0101 \u0161o rajonu piemekl\u0113ja sp\u0113c\u012bga sniega v\u0113tra, blo\u0137\u0113jot piek\u013cuvi vietai, kur kaln\u0101 k\u0101p\u0113ji uztur\u0113j\u0101s telt\u012bs vair\u0101k nek\u0101 4900 metru augstum\u0101.<\/p>\n<p>Sniega v\u0113tra iesprostoja pavisam 580 alp\u012bnistus un vair\u0101k nek\u0101 300 vi\u0146u pavado\u0146us. Apm\u0113ram 350 alp\u012bnisti sp\u0113ja nok\u0101pt no kalna l\u012bdz pirmdienas pusdienlaikam, bet p\u0101r\u0113jie ierad\u0101s dro\u0161\u012bb\u0101 l\u012bdz otrdienai, zi\u0146oja valsts mediji, atsaucoties uz viet\u0113jo vald\u012bbu.<\/p>\n<p>Da\u017ei alp\u012bnisti cieta no hipotermijas, un apm\u0113ram 10 no vi\u0146iem uz tik\u0161an\u0101s vietu eskort\u0113ja pavado\u0161\u0101s komandas ar p\u0101rtiku, medikamentiem, kurin\u0101m\u0101 un sk\u0101bek\u013ca kr\u0101jumiem.<\/p>\n<p>Gleznainais Everesta rajons ir uz laiku sl\u0113gts. V\u0113tra to piemekl\u0113ja ned\u0113\u013cu ilgu valsts sv\u0113tku laik\u0101, kuri beidzas tre\u0161dien.<\/p>\n<p>Nep\u0101l\u0101 ned\u0113\u013cas nogal\u0113 v\u0113tras laik\u0101 g\u0101ja boj\u0101 k\u0101ds Dienvidkorejas alp\u012bnists net\u0101lu no 6476 metrus augst\u0101 Meras kalna virsotnes. \u0160is kalns atrodas Himalajos uz dienvidiem no Everesta.<\/p>\n<p><img decoding=\"async\" src=\"https:\/\/www.europesays.com\/lv\/wp-content\/uploads\/2025\/10\/28cd9c7b383a94b6b098a2d0f7e9dea8.jpg\" title=\"V\u0113tras d\u0113\u013c Everesta pak\u0101j\u0113 bija iespr\u016bdu\u0161i vair\u0101ki simti cilv\u0113ku. Foto: Lingsuiye \/ AP\" alt=\"V\u0113tras d\u0113\u013c Everesta pak\u0101j\u0113 bija iespr\u016bdu\u0161i vair\u0101ki simti cilv\u0113ku. Foto: Lingsuiye \/ AP\"\/><\/p>\n<p class=\"article-img-desc\">V\u0113tras d\u0113\u013c Everesta pak\u0101j\u0113 bija iespr\u016bdu\u0161i vair\u0101ki simti cilv\u0113ku. Foto: Lingsuiye \/ AP<\/p>\n","protected":false},"excerpt":{"rendered":"Apm\u0113ram 900 alp\u012bnistu un vi\u0146u pavado\u0146u, kas ned\u0113\u013cas nogali bija spiesti pavad\u012bt Everesta \u0136\u012bnas pus\u0113 sniega v\u0113tras d\u0113\u013c,&hellip;\n","protected":false},"author":2,"featured_media":16384,"comment_status":"","ping_status":"","sticky":false,"template":"","format":"standard","meta":{"footnotes":""},"categories":[14],"tags":[129,1395,4918,23,57,28,29,32,33,22,30,31,35,39,38,36,37,34,40,20,26,27,4919,1396,4920,1397,24,25,54,55,56,21,58],"class_list":{"0":"post-16383","1":"post","2":"type-post","3":"status-publish","4":"format-standard","5":"has-post-thumbnail","7":"category-zinas-no-arvalstim","8":"tag-__typenameadvicekeyword","9":"tag-id408","10":"tag-id657","11":"tag-aktualitates","12":"tag-arvalstim","13":"tag-breaking-news","14":"tag-breakingnews","15":"tag-featured-news","16":"tag-featurednews","17":"tag-headlines","18":"tag-latest-news","19":"tag-latestnews","20":"tag-latvia","21":"tag-latvian","22":"tag-latviesu","23":"tag-latviesu-valoda","24":"tag-latviesuvaloda","25":"tag-latvija","26":"tag-lv","27":"tag-news","28":"tag-popularakas-zinas","29":"tag-popularakaszinas","30":"tag-slugkina","31":"tag-sluglaikapstakli","32":"tag-titlekina","33":"tag-titlelaikapstakli","34":"tag-top-stories","35":"tag-topstories","36":"tag-world","37":"tag-world-news","38":"tag-worldnews","39":"tag-zinas","40":"tag-zinas-no-arvalstim"},"share_on_mastodon":{"url":"","error":""},"_links":{"self":[{"href":"https:\/\/www.europesays.com\/lv\/wp-json\/wp\/v2\/posts\/16383","targetHints":{"allow":["GET"]}}],"collection":[{"href":"https:\/\/www.europesays.com\/lv\/wp-json\/wp\/v2\/posts"}],"about":[{"href":"https:\/\/www.europesays.com\/lv\/wp-json\/wp\/v2\/types\/post"}],"author":[{"embeddable":true,"href":"https:\/\/www.europesays.com\/lv\/wp-json\/wp\/v2\/users\/2"}],"replies":[{"embeddable":true,"href":"https:\/\/www.europesays.com\/lv\/wp-json\/wp\/v2\/comments?post=16383"}],"version-history":[{"count":0,"href":"https:\/\/www.europesays.com\/lv\/wp-json\/wp\/v2\/posts\/16383\/revisions"}],"wp:featuredmedia":[{"embeddable":true,"href":"https:\/\/www.europesays.com\/lv\/wp-json\/wp\/v2\/media\/16384"}],"wp:attachment":[{"href":"https:\/\/www.europesays.com\/lv\/wp-json\/wp\/v2\/media?parent=16383"}],"wp:term":[{"taxonomy":"category","embeddable":true,"href":"https:\/\/www.europesays.com\/lv\/wp-json\/wp\/v2\/categories?post=16383"},{"taxonomy":"post_tag","embeddable":true,"href":"https:\/\/www.europesays.com\/lv\/wp-json\/wp\/v2\/tags?post=16383"}],"curies":[{"name":"wp","href":"https:\/\/api.w.org\/{rel}","templated":true}]}}