{"id":16393,"date":"2025-10-09T02:48:13","date_gmt":"2025-10-09T02:48:13","guid":{"rendered":"https:\/\/www.europesays.com\/lv\/16393\/"},"modified":"2025-10-09T02:48:13","modified_gmt":"2025-10-09T02:48:13","slug":"no-2026-gada-pieaugs-valsts-maksatie-uzturlidzekli-berniem-par-30-eiro-lente-lv","status":"publish","type":"post","link":"https:\/\/www.europesays.com\/lv\/16393\/","title":{"rendered":"No 2026. gada pieaugs valsts maks\u0101tie uzturl\u012bdzek\u013ci b\u0113rniem par 30 eiro\u00a0\u2014\u00a0Lente.lv"},"content":{"rendered":"<p>Vald\u012bba lemj par uzturl\u012bdzek\u013cu palielin\u0101jumu b\u0113rniem<\/p>\n<p>No 2026. gada s\u0101kuma pl\u0101nots palielin\u0101t valsts izmaks\u0101to uzturl\u012bdzek\u013cu apm\u0113ru b\u0113rniem par 30 eiro m\u0113nes\u012b. \u0160\u0101ds l\u0113mums tika pie\u0146emts vald\u012bbas s\u0113d\u0113 2025. gada 7. oktobr\u012b, rea\u0123\u0113jot uz Tieslietu ministrijas sagatavotaj\u0101m izmai\u0146\u0101m likumdo\u0161an\u0101. \u0160\u012b iniciat\u012bva ir da\u013ca no pla\u0161\u0101ka pas\u0101kumu kopuma, kas v\u0113rsts uz \u0123ime\u0146u un b\u0113rnu labkl\u0101j\u012bbas stiprin\u0101\u0161anu Latvij\u0101.<\/p>\n<p>Gaid\u0101m\u0101s izmai\u0146as un to m\u0113r\u0137is<\/p>\n<p>\u0160is solis ir noz\u012bm\u012bgs ieguld\u012bjums b\u0113rnu finansi\u0101l\u0101 nodro\u0161in\u0101jum\u0101, pal\u012bdzot segt vi\u0146u ikdienas vajadz\u012bbas un veicinot visp\u0101r\u0113jo dz\u012bves kvalit\u0101ti. Pl\u0101notais palielin\u0101jums ir ne tikai finansi\u0101ls atbalsts, bet ar\u012b simbolisks apliecin\u0101jums valsts r\u016bp\u0113m par jaun\u0101k\u0101s paaudzes labizj\u016btu. Tas papildin\u0101s jau eso\u0161os atbalsta meh\u0101nismus, nodro\u0161inot stabil\u0101ku pamatu b\u0113rnu att\u012bst\u012bbai.<\/p>\n<p>Konteksts un n\u0101kotnes perspekt\u012bvas<\/p>\n<p>L\u0113mums par uzturl\u012bdzek\u013cu palielin\u0101jumu sakr\u012bt ar diskusij\u0101m par valsts bud\u017eetu 2026. gadam un cit\u0101m soci\u0101l\u0101s jomas aktualit\u0101t\u0113m. Tiek izskat\u012bti ar\u012b citi priek\u0161likumi, piem\u0113ram, Uzturl\u012bdzek\u013cu garantiju fonda (UGF) izmaks\u0101jamo summu piesaiste minim\u0101lajai algai, kas var\u0113tu nodro\u0161in\u0101t autom\u0101tisku piel\u0101go\u0161anos ekonomiskaj\u0101m sv\u0101rst\u012bb\u0101m un nodro\u0161in\u0101t, ka uzturl\u012bdzek\u013ci atbilst re\u0101laj\u0101m dz\u012bves izmaks\u0101m. \u0160\u0101das iniciat\u012bvas liecina par virz\u012bbu uz ilgtsp\u0113j\u012bg\u0101ku un prognoz\u0113jam\u0101ku soci\u0101lo atbalsta sist\u0113mu.<\/p>\n","protected":false},"excerpt":{"rendered":"Vald\u012bba lemj par uzturl\u012bdzek\u013cu palielin\u0101jumu b\u0113rniem No 2026. gada s\u0101kuma pl\u0101nots palielin\u0101t valsts izmaks\u0101to uzturl\u012bdzek\u013cu apm\u0113ru b\u0113rniem par&hellip;\n","protected":false},"author":2,"featured_media":16394,"comment_status":"","ping_status":"","sticky":false,"template":"","format":"standard","meta":{"footnotes":""},"categories":[5],"tags":[23,5607,28,29,1040,32,33,22,30,31,35,39,38,36,37,34,40,20,26,27,3148,24,25,5605,5606,21],"class_list":{"0":"post-16393","1":"post","2":"type-post","3":"status-publish","4":"format-standard","5":"has-post-thumbnail","7":"category-aktualitates","8":"tag-aktualitates","9":"tag-bernu-labklajiba","10":"tag-breaking-news","11":"tag-breakingnews","12":"tag-budzets-2026","13":"tag-featured-news","14":"tag-featurednews","15":"tag-headlines","16":"tag-latest-news","17":"tag-latestnews","18":"tag-latvia","19":"tag-latvian","20":"tag-latviesu","21":"tag-latviesu-valoda","22":"tag-latviesuvaloda","23":"tag-latvija","24":"tag-lv","25":"tag-news","26":"tag-popularakas-zinas","27":"tag-popularakaszinas","28":"tag-sociala-politika","29":"tag-top-stories","30":"tag-topstories","31":"tag-uzturlidzekli-berniem","32":"tag-valsts-atbalsts","33":"tag-zinas"},"share_on_mastodon":{"url":"","error":""},"_links":{"self":[{"href":"https:\/\/www.europesays.com\/lv\/wp-json\/wp\/v2\/posts\/16393","targetHints":{"allow":["GET"]}}],"collection":[{"href":"https:\/\/www.europesays.com\/lv\/wp-json\/wp\/v2\/posts"}],"about":[{"href":"https:\/\/www.europesays.com\/lv\/wp-json\/wp\/v2\/types\/post"}],"author":[{"embeddable":true,"href":"https:\/\/www.europesays.com\/lv\/wp-json\/wp\/v2\/users\/2"}],"replies":[{"embeddable":true,"href":"https:\/\/www.europesays.com\/lv\/wp-json\/wp\/v2\/comments?post=16393"}],"version-history":[{"count":0,"href":"https:\/\/www.europesays.com\/lv\/wp-json\/wp\/v2\/posts\/16393\/revisions"}],"wp:featuredmedia":[{"embeddable":true,"href":"https:\/\/www.europesays.com\/lv\/wp-json\/wp\/v2\/media\/16394"}],"wp:attachment":[{"href":"https:\/\/www.europesays.com\/lv\/wp-json\/wp\/v2\/media?parent=16393"}],"wp:term":[{"taxonomy":"category","embeddable":true,"href":"https:\/\/www.europesays.com\/lv\/wp-json\/wp\/v2\/categories?post=16393"},{"taxonomy":"post_tag","embeddable":true,"href":"https:\/\/www.europesays.com\/lv\/wp-json\/wp\/v2\/tags?post=16393"}],"curies":[{"name":"wp","href":"https:\/\/api.w.org\/{rel}","templated":true}]}}