{"id":164031,"date":"2026-03-27T07:37:03","date_gmt":"2026-03-27T07:37:03","guid":{"rendered":"https:\/\/www.europesays.com\/lv\/164031\/"},"modified":"2026-03-27T07:37:03","modified_gmt":"2026-03-27T07:37:03","slug":"video-%e2%9f%a9-dagamba-rigas-centra-parsteidz-ar-jauna-albuma-skandarbu","status":"publish","type":"post","link":"https:\/\/www.europesays.com\/lv\/164031\/","title":{"rendered":"VIDEO \u27e9 \u201cDAGAMBA\u201d R\u012bgas centr\u0101 p\u0101rsteidz ar jaun\u0101 albuma ska\u0146darbu"},"content":{"rendered":"<p>Video: Ska\u0146darba \u201cQueen of the Sandman\u201d pirmatska\u0146ojuma akcija<\/p>\n<p>\u00a0<\/p>\n<p>\u201cM\u016bzika var uzrun\u0101t vai n\u0113, to vislab\u0101k var nov\u0113rot cilv\u0113ku reakcij\u0101s, kad tas ir p\u0101rsteigums. Vari iet gar\u0101m, bet vari apst\u0101ties un dz\u012bvot l\u012bdzi. Mums \u0161\u0137iet, ka tie skatieni un smaidi ir tas, kas m\u016bziku padara v\u0113rt\u012bgu un dz\u012bvotsp\u0113j\u012bgu,\u201d koment\u0113 grupa.<\/p>\n<p>Jaun\u0101s programmas &#8220;MOZARTALLICA&#8221; pamat\u0101 ir klasisk\u0101s m\u016bzikas br\u012bnumb\u0113rna Volfganga Amadeja Mocarta un pasaulslaven\u0101s rokgrupas \u201cMetallica\u201d <a href=\"https:\/\/sejas.tvnet.lv\/term\/572580\/muzika\" class=\"topicLink\" target=\"_blank\" rel=\"nofollow noopener\">m\u016bzika<\/a>, kas tiek savienota ori\u0123in\u0101l\u0101, tikai grupai &#8220;DAGAMBA&#8221; rakstur\u012bg\u0101 interpret\u0101cij\u0101 un skan\u0113jum\u0101. Jaunais albums pie klaus\u012bt\u0101jiem non\u0101ks l\u012bdz ar koncertt\u016bres s\u0101kumu.<\/p>\n<p>\u201cM\u0113s savienojam \u0161\u0137ietami nesavienojamas pasaules &#8211; Mocartu un &#8220;Metallica&#8221;. Veidojot \u0161o albumu saprat\u0101m, ka ne tikai t\u0101 ir savien\u012bba, t\u0101 ir piln\u012bgi jauna pasaule, jauns st\u0101sts, ko izdevies izveidot! Un jau nevaram sagaid\u012bt apr\u012bli, kad ar \u0161o st\u0101stu var\u0113sim dal\u012bties koncertos!\u201d ar nepaciet\u012bbu dal\u0101s grupa.<\/p>\n<p>Jaun\u0101 koncertprogramma tiks atkl\u0101ta jau pavisam dr\u012bzs &#8211; ar 11. apr\u012b\u013ca izp\u0101rdoto koncertu C\u0113s\u012bs, kam sekos koncerti: R\u0113zekn\u0113 \u2013 18. apr\u012bl\u012b, Ventspil\u012b \u2013 25. apr\u012bl\u012b, Liep\u0101j\u0101 \u2013 9. maij\u0101 un Jelgav\u0101 \u2013 6. j\u016bnij\u0101. Koncertt\u016bre nosl\u0113gsies ar \u012bpa\u0161i v\u0113rien\u012bgu koncert\u0161ovu gada izska\u0146\u0101 &#8211; 19. decembr\u012b \u201cXIAOMI Ar\u0113n\u0101\u201d, kur kop\u0101 ar DAGAMBA uz skatuves k\u0101ps Latvijas Nacion\u0101lais simfoniskais or\u0137estris.<\/p>\n<p>Bi\u013cetes uz koncertiem pils\u0113t\u0101s un nosl\u0113guma koncertu pieejamas \u201cBi\u013ce\u0161u Parad\u012bze\u201d kas\u0113s un interneta vietn\u0113.<\/p>\n","protected":false},"excerpt":{"rendered":"Video: Ska\u0146darba \u201cQueen of the Sandman\u201d pirmatska\u0146ojuma akcija \u00a0 \u201cM\u016bzika var uzrun\u0101t vai n\u0113, to vislab\u0101k var nov\u0113rot&hellip;\n","protected":false},"author":2,"featured_media":164032,"comment_status":"","ping_status":"","sticky":false,"template":"","format":"standard","meta":{"footnotes":"","_share_on_mastodon":"0"},"categories":[19],"tags":[101,89,90,35,39,38,36,37,34,40,103],"class_list":["post-164031","post","type-post","status-publish","format-standard","has-post-thumbnail","category-izklaide","tag-dagamba","tag-entertainment","tag-izklaide","tag-latvia","tag-latvian","tag-latviesu","tag-latviesu-valoda","tag-latviesuvaloda","tag-latvija","tag-lv","tag-muzika"],"share_on_mastodon":{"url":"https:\/\/pubeurope.com\/@lv\/116299998447715386","error":""},"_links":{"self":[{"href":"https:\/\/www.europesays.com\/lv\/wp-json\/wp\/v2\/posts\/164031","targetHints":{"allow":["GET"]}}],"collection":[{"href":"https:\/\/www.europesays.com\/lv\/wp-json\/wp\/v2\/posts"}],"about":[{"href":"https:\/\/www.europesays.com\/lv\/wp-json\/wp\/v2\/types\/post"}],"author":[{"embeddable":true,"href":"https:\/\/www.europesays.com\/lv\/wp-json\/wp\/v2\/users\/2"}],"replies":[{"embeddable":true,"href":"https:\/\/www.europesays.com\/lv\/wp-json\/wp\/v2\/comments?post=164031"}],"version-history":[{"count":0,"href":"https:\/\/www.europesays.com\/lv\/wp-json\/wp\/v2\/posts\/164031\/revisions"}],"wp:featuredmedia":[{"embeddable":true,"href":"https:\/\/www.europesays.com\/lv\/wp-json\/wp\/v2\/media\/164032"}],"wp:attachment":[{"href":"https:\/\/www.europesays.com\/lv\/wp-json\/wp\/v2\/media?parent=164031"}],"wp:term":[{"taxonomy":"category","embeddable":true,"href":"https:\/\/www.europesays.com\/lv\/wp-json\/wp\/v2\/categories?post=164031"},{"taxonomy":"post_tag","embeddable":true,"href":"https:\/\/www.europesays.com\/lv\/wp-json\/wp\/v2\/tags?post=164031"}],"curies":[{"name":"wp","href":"https:\/\/api.w.org\/{rel}","templated":true}]}}