{"id":164119,"date":"2026-03-27T09:04:23","date_gmt":"2026-03-27T09:04:23","guid":{"rendered":"https:\/\/www.europesays.com\/lv\/164119\/"},"modified":"2026-03-27T09:04:23","modified_gmt":"2026-03-27T09:04:23","slug":"niderlande-atrastas-ceturta-musketiera-dartanjana-mirstigas-atliekas","status":"publish","type":"post","link":"https:\/\/www.europesays.com\/lv\/164119\/","title":{"rendered":"N\u012bderland\u0113 atrastas ceturt\u0101 musketiera d&#8217;Artanjana mirst\u012bg\u0101s atliekas"},"content":{"rendered":"<p>&#8220;Skelets atrad\u0101s viet\u0101, kur k\u0101dreiz atrad\u0101s alt\u0101ris. Tolaik zem alt\u0101ra tika apglab\u0101tas tika karalisk\u0101s vai citas svar\u012bgas personas,&#8221; sac\u012bja diakons Joss Valke.<\/p>\n<p>Blakus mirst\u012bgaj\u0101m atliek\u0101m tika atrastas musketes lodes paliekas un fran\u010du mon\u0113ta. No mirst\u012bgaj\u0101m atliek\u0101m tika pa\u0146emts DNS paraugs, kas tika nos\u016bt\u012bts uz laboratoriju Minhen\u0113. Tur tas tiek sal\u012bdzin\u0101ts ar musketiera p\u0113cte\u010da DNS. Paredzams, ka dr\u012bzum\u0101 var\u0113tu b\u016bt zin\u0101mi rezult\u0101ti.<\/p>\n<p class=\"sc-2ea02837-0 fedhGB\">&#8220;Es joproj\u0101m esmu \u013coti piesardz\u012bgs,&#8221; saka arheologs Vims Deikmans, kur\u0161 piedal\u012bj\u0101s izrakumos. &#8220;L\u012bdz \u0161im nekas neliecina par to, ka tas var\u0113tu b\u016bt vi\u0146\u0161. Ta\u010du es gaidu DNS anal\u012bzi.&#8221;<\/p>\n<p class=\"sc-2ea02837-0 fedhGB\">D&#8217;Artanjans ir Francijas nacion\u0101lais varonis. Dal\u012bba karaliskaj\u0101 miesassardz\u0113 tika uzskat\u012bta par godpilnu darbu, neskatoties uz zemo atalgojumu. Musketieris bija atbild\u012bgs par slepen\u0101m misij\u0101m, sensit\u012bv\u0101m valsts liet\u0101m un spiego\u0161anu. Vi\u0146a n\u0101ve, kas bija drosmes un uztic\u012bbas karalim rezult\u0101ts, k\u013cuva par noz\u012bm\u012bgu v\u0113sturisku br\u012bdi.<\/p>\n<p class=\"sc-2ea02837-0 fedhGB\">V\u0113l\u0101k vi\u0146\u0161 k\u013cuva pasaulslavens, pateicoties fran\u010du rakstnieka Aleksandra Dim\u0101 1844. gad\u0101 sarakst\u012btajai gr\u0101matai &#8220;Tr\u012bs musketieri &#8220;. St\u0101sts vair\u0101kk\u0101rt tika ekraniz\u0113ts, tika uz\u0146emts ar\u012b m\u016bzikls.<\/p>\n","protected":false},"excerpt":{"rendered":"&#8220;Skelets atrad\u0101s viet\u0101, kur k\u0101dreiz atrad\u0101s alt\u0101ris. Tolaik zem alt\u0101ra tika apglab\u0101tas tika karalisk\u0101s vai citas svar\u012bgas personas,&#8221;&hellip;\n","protected":false},"author":2,"featured_media":164120,"comment_status":"","ping_status":"","sticky":false,"template":"","format":"standard","meta":{"footnotes":"","_share_on_mastodon":"0"},"categories":[14],"tags":[23,11477,57,63,28,29,32,33,22,30,31,35,39,38,36,37,34,40,20,26,27,24,25,293,54,55,56,21,58],"class_list":["post-164119","post","type-post","status-publish","format-standard","has-post-thumbnail","category-zinas-no-arvalstim","tag-aktualitates","tag-arheologija","tag-arvalstim","tag-arvalstis","tag-breaking-news","tag-breakingnews","tag-featured-news","tag-featurednews","tag-headlines","tag-latest-news","tag-latestnews","tag-latvia","tag-latvian","tag-latviesu","tag-latviesu-valoda","tag-latviesuvaloda","tag-latvija","tag-lv","tag-news","tag-popularakas-zinas","tag-popularakaszinas","tag-top-stories","tag-topstories","tag-vesture","tag-world","tag-world-news","tag-worldnews","tag-zinas","tag-zinas-no-arvalstim"],"share_on_mastodon":{"url":"https:\/\/pubeurope.com\/@lv\/116300340516473050","error":""},"_links":{"self":[{"href":"https:\/\/www.europesays.com\/lv\/wp-json\/wp\/v2\/posts\/164119","targetHints":{"allow":["GET"]}}],"collection":[{"href":"https:\/\/www.europesays.com\/lv\/wp-json\/wp\/v2\/posts"}],"about":[{"href":"https:\/\/www.europesays.com\/lv\/wp-json\/wp\/v2\/types\/post"}],"author":[{"embeddable":true,"href":"https:\/\/www.europesays.com\/lv\/wp-json\/wp\/v2\/users\/2"}],"replies":[{"embeddable":true,"href":"https:\/\/www.europesays.com\/lv\/wp-json\/wp\/v2\/comments?post=164119"}],"version-history":[{"count":0,"href":"https:\/\/www.europesays.com\/lv\/wp-json\/wp\/v2\/posts\/164119\/revisions"}],"wp:featuredmedia":[{"embeddable":true,"href":"https:\/\/www.europesays.com\/lv\/wp-json\/wp\/v2\/media\/164120"}],"wp:attachment":[{"href":"https:\/\/www.europesays.com\/lv\/wp-json\/wp\/v2\/media?parent=164119"}],"wp:term":[{"taxonomy":"category","embeddable":true,"href":"https:\/\/www.europesays.com\/lv\/wp-json\/wp\/v2\/categories?post=164119"},{"taxonomy":"post_tag","embeddable":true,"href":"https:\/\/www.europesays.com\/lv\/wp-json\/wp\/v2\/tags?post=164119"}],"curies":[{"name":"wp","href":"https:\/\/api.w.org\/{rel}","templated":true}]}}