{"id":16419,"date":"2025-10-09T03:44:07","date_gmt":"2025-10-09T03:44:07","guid":{"rendered":"https:\/\/www.europesays.com\/lv\/16419\/"},"modified":"2025-10-09T03:44:07","modified_gmt":"2025-10-09T03:44:07","slug":"roberts-blumbergs-izcelas-fenerbahce-uzvara-pret-petkim-spor-lente-lv","status":"publish","type":"post","link":"https:\/\/www.europesays.com\/lv\/16419\/","title":{"rendered":"Roberts Blumbergs izce\u013cas &#8220;Fenerbah\u00e7e&#8221; uzvar\u0101 pret &#8220;Petkim Spor&#8221;\u00a0\u2014\u00a0Lente.lv"},"content":{"rendered":"<p>Fenerbah\u00e7e nodro\u0161ina pirmo uzvaru Superl\u012bg\u0101, Blumbergam iespaid\u012bgs sniegums<\/p>\n<p>Stambulas &#8220;Fenerbah\u00e7e&#8221;, pa\u0161reiz\u0113j\u0101 Turcijas un Eiropas \u010dempione basketbol\u0101, ir izc\u012bn\u012bjusi savu pirmo uzvaru Turcijas Superl\u012bgas sezon\u0101, p\u0101rsp\u0113jot Izmiras &#8220;Petkim Spor&#8221; ar 105:83. \u0160is pan\u0101kums komandai ir \u012bpa\u0161i svar\u012bgs, lai atg\u016btos p\u0113c neveiksm\u012bg\u0101 starta sezon\u0101, uzlabojot bilanci l\u012bdz 1-1.<\/p>\n<p>Blumbergs izce\u013cas uz laukuma<\/p>\n<p>Latvie\u0161u uzbruc\u0113js Roberts Blumbergs demonstr\u0113ja lielisku sniegumu, 22 min\u016b\u0161u laik\u0101 g\u016bstot 15 punktus, prec\u012bzi realiz\u0113jot visus tr\u012bspunktu metienus (3\/3) un divpunktu metienus (2\/2). Vi\u0146\u0161 ar\u012b veiksm\u012bgi c\u012bn\u012bj\u0101s par atl\u0113ku\u0161aj\u0101m bumb\u0101m un izprovoc\u0113ja p\u0101rk\u0101pumus pretinieku nometn\u0113. Neskatoties uz komandas uzvaru, &#8220;Petkim Spor&#8221; sast\u0101v\u0101 izc\u0113l\u0101s Janniks Franks ar 21 g\u016bto punktu.<\/p>\n<p>Sp\u0113les gaita un atsl\u0113gas momenti<\/p>\n<p>Sp\u0113le s\u0101k\u0101s neliel\u0101 aizsardz\u012bbas spriedz\u0113 no &#8220;Fenerbah\u00e7e&#8221; puses, \u013caujot &#8220;Petkim Spor&#8221; izvirz\u012bties vad\u012bb\u0101. Tom\u0113r, ar laiku komanda sp\u0113ja konsolid\u0113ties, \u012bpa\u0161i otraj\u0101 ceturtda\u013c\u0101, kad aizsardz\u012bba k\u013cuva stingr\u0101ka, un pirms puslaika tika pan\u0101kts 19 punktu p\u0101rsvars (60:41). Lai gan viesi otraj\u0101 puslaik\u0101 nedaudz samazin\u0101ja rezult\u0101ta starp\u012bbu, l\u012bdz pat 12 punktiem, &#8220;Fenerbah\u00e7e&#8221; sp\u0113ja nosarg\u0101t p\u0101rsvaru un nodro\u0161in\u0101t uzvaru.<\/p>\n<p>Atsl\u0113gas sp\u0113l\u0113t\u0101ji un n\u0101kamie izaicin\u0101jumi<\/p>\n<p>Talenam Hortonam-Takeram bija rezultat\u012bv\u0101kais sniegums &#8220;Fenerbah\u00e7e&#8221; rind\u0101s ar 25 punktiem, kam\u0113r Bonzi Kolsonam pievienoja 17 punktus. &#8220;Fenerbah\u00e7e&#8221; tuv\u0101kaj\u0101 laik\u0101 st\u0101sies pret\u012b ar\u012b Eirol\u012bgas sp\u0113l\u0113m, kur vi\u0146i uz\u0146ems Belgradas &#8220;Crvena zvezda&#8221;. Savuk\u0101rt &#8220;Petkim Spor&#8221; gaid\u0101mas m\u0101jas sp\u0113les pret Stambulas &#8220;Galatasaray&#8221;, kuru iepriek\u0161\u0113j\u0101 sezon\u0101 p\u0101rst\u0101v\u0113ja Blumbergs.<\/p>\n","protected":false},"excerpt":{"rendered":"Fenerbah\u00e7e nodro\u0161ina pirmo uzvaru Superl\u012bg\u0101, Blumbergam iespaid\u012bgs sniegums Stambulas &#8220;Fenerbah\u00e7e&#8221;, pa\u0161reiz\u0113j\u0101 Turcijas un Eiropas \u010dempione basketbol\u0101, ir izc\u012bn\u012bjusi&hellip;\n","protected":false},"author":2,"featured_media":16420,"comment_status":"","ping_status":"","sticky":false,"template":"","format":"standard","meta":{"footnotes":""},"categories":[17],"tags":[145,2692,35,39,38,36,37,34,40,5613,5612,67,5614],"class_list":{"0":"post-16419","1":"post","2":"type-post","3":"status-publish","4":"format-standard","5":"has-post-thumbnail","7":"category-sports","8":"tag-basketbols","9":"tag-fenerbahce","10":"tag-latvia","11":"tag-latvian","12":"tag-latviesu","13":"tag-latviesu-valoda","14":"tag-latviesuvaloda","15":"tag-latvija","16":"tag-lv","17":"tag-petkim-spor","18":"tag-roberts-blumbergs","19":"tag-sports","20":"tag-turcijas-superliga"},"share_on_mastodon":{"url":"","error":""},"_links":{"self":[{"href":"https:\/\/www.europesays.com\/lv\/wp-json\/wp\/v2\/posts\/16419","targetHints":{"allow":["GET"]}}],"collection":[{"href":"https:\/\/www.europesays.com\/lv\/wp-json\/wp\/v2\/posts"}],"about":[{"href":"https:\/\/www.europesays.com\/lv\/wp-json\/wp\/v2\/types\/post"}],"author":[{"embeddable":true,"href":"https:\/\/www.europesays.com\/lv\/wp-json\/wp\/v2\/users\/2"}],"replies":[{"embeddable":true,"href":"https:\/\/www.europesays.com\/lv\/wp-json\/wp\/v2\/comments?post=16419"}],"version-history":[{"count":0,"href":"https:\/\/www.europesays.com\/lv\/wp-json\/wp\/v2\/posts\/16419\/revisions"}],"wp:featuredmedia":[{"embeddable":true,"href":"https:\/\/www.europesays.com\/lv\/wp-json\/wp\/v2\/media\/16420"}],"wp:attachment":[{"href":"https:\/\/www.europesays.com\/lv\/wp-json\/wp\/v2\/media?parent=16419"}],"wp:term":[{"taxonomy":"category","embeddable":true,"href":"https:\/\/www.europesays.com\/lv\/wp-json\/wp\/v2\/categories?post=16419"},{"taxonomy":"post_tag","embeddable":true,"href":"https:\/\/www.europesays.com\/lv\/wp-json\/wp\/v2\/tags?post=16419"}],"curies":[{"name":"wp","href":"https:\/\/api.w.org\/{rel}","templated":true}]}}