{"id":16436,"date":"2025-10-09T04:14:05","date_gmt":"2025-10-09T04:14:05","guid":{"rendered":"https:\/\/www.europesays.com\/lv\/16436\/"},"modified":"2025-10-09T04:14:05","modified_gmt":"2025-10-09T04:14:05","slug":"dzanans-musa-atkal-savainots-basketbola-zvaigznei-celgala-trauma-lente-lv","status":"publish","type":"post","link":"https:\/\/www.europesays.com\/lv\/16436\/","title":{"rendered":"D\u017eanans Musa atkal savainots: basketbola zvaigznei ce\u013cgala trauma\u00a0\u2014\u00a0Lente.lv"},"content":{"rendered":"<p>M\u016bsas savainojumu virkne turpin\u0101s: basketbolists atsvaidzina savu vesel\u012bbas st\u0101vokli<\/p>\n<p>Bosnijas un Hercegovinas basketbola zvaigzne D\u017eanans Musa atkal sask\u0101ries ar vesel\u012bbas probl\u0113m\u0101m. \u0160oreiz sp\u0113l\u0113t\u0101js guvis ce\u013cgala savainojumu sp\u0113l\u0113 pret &#8220;Split&#8221;, k\u0101 rezult\u0101t\u0101 vi\u0146am n\u0101ksies izlaist vair\u0101kas tuv\u0101k\u0101s sp\u0113les. Lai gan s\u0101kotn\u0113j\u0101s ba\u017eas bija par nopietn\u0101ku traumu, Musa pats soci\u0101lajos medijos mierin\u0101jis l\u012bdzjut\u0113jus, nor\u0101dot, ka &#8220;nekas nopietns, tikai neliela izb\u012blis&#8221;. Vi\u0146\u0161 prognoz\u0113 savu atgrie\u0161anos laukum\u0101 da\u017eu ned\u0113\u013cu laik\u0101.<\/p>\n<p>Agr\u0101ki savainojumi un to ietekme<\/p>\n<p>\u0160is nav pirmais savainojums Musas karjer\u0101, kas rada ba\u017eas par vi\u0146a dal\u012bbu svar\u012bgos turn\u012bros. Iepriek\u0161 sp\u0113l\u0113t\u0101js ir izlaidis sp\u0113les un pat oper\u0101cijas d\u0113\u013c nav var\u0113jis piedal\u012bties Eiropas \u010dempion\u0101t\u0101. Vi\u0146a medic\u012bnisk\u0101 v\u0113sture ir bijusi gana skarba, ieskaitot pot\u012btes, pleca un pat v\u0113dera sienas traumas, kas pras\u012bju\u0161as \u0137irur\u0123isku iejauk\u0161anos. Piem\u0113ram, 2025. gada august\u0101 Musa izg\u0101ja v\u0113dera sienas oper\u0101ciju, radot jaut\u0101jumus par vi\u0146a gatav\u012bbu Eiropas \u010dempion\u0101tam. T\u0101pat vi\u0146\u0161 ir c\u012bn\u012bjies ar pot\u012btes savainojumiem, kas liku\u0161i vi\u0146am izlaist sp\u0113les gan Real Madrid sast\u0101v\u0101, gan pirms tam.<\/p>\n<p>Musa un Bert\u0101na sadarb\u012bba<\/p>\n<p>Neskatoties uz savainojumiem, Musa joproj\u0101m tiek uzskat\u012bts par vienu no lab\u0101kajiem sp\u0113l\u0113t\u0101jiem Eirop\u0101. Vi\u0146\u0161 ir slav\u0113jis savu komandas biedru D\u0101vi Bert\u0101nu, d\u0113v\u0113jot vi\u0146u par lab\u0101ko met\u0113ju Eirop\u0101. \u0160\u012b savstarp\u0113j\u0101 cie\u0146a un atbalsts ir svar\u012bgs komandas pan\u0101kumiem, \u012bpa\u0161i br\u012b\u017eos, kad k\u0101ds no sp\u0113l\u0113t\u0101jiem saskaras ar vesel\u012bbas probl\u0113m\u0101m. Vi\u0146u kop\u012bg\u0101 sp\u0113le dod cer\u012bbu, ka ar\u012b p\u0113c Musas atgrie\u0161an\u0101s laukum\u0101 vi\u0146i turpin\u0101s demonstr\u0113t iespaid\u012bgu sniegumu.<\/p>\n","protected":false},"excerpt":{"rendered":"M\u016bsas savainojumu virkne turpin\u0101s: basketbolists atsvaidzina savu vesel\u012bbas st\u0101vokli Bosnijas un Hercegovinas basketbola zvaigzne D\u017eanans Musa atkal sask\u0101ries&hellip;\n","protected":false},"author":2,"featured_media":16437,"comment_status":"","ping_status":"","sticky":false,"template":"","format":"standard","meta":{"footnotes":""},"categories":[17],"tags":[145,809,4553,35,39,38,36,37,34,40,5135,67,3089],"class_list":{"0":"post-16436","1":"post","2":"type-post","3":"status-publish","4":"format-standard","5":"has-post-thumbnail","7":"category-sports","8":"tag-basketbols","9":"tag-davis-bertans","10":"tag-dzanans-musa","11":"tag-latvia","12":"tag-latvian","13":"tag-latviesu","14":"tag-latviesu-valoda","15":"tag-latviesuvaloda","16":"tag-latvija","17":"tag-lv","18":"tag-savainojums","19":"tag-sports","20":"tag-veselibas-problemas"},"share_on_mastodon":{"url":"","error":""},"_links":{"self":[{"href":"https:\/\/www.europesays.com\/lv\/wp-json\/wp\/v2\/posts\/16436","targetHints":{"allow":["GET"]}}],"collection":[{"href":"https:\/\/www.europesays.com\/lv\/wp-json\/wp\/v2\/posts"}],"about":[{"href":"https:\/\/www.europesays.com\/lv\/wp-json\/wp\/v2\/types\/post"}],"author":[{"embeddable":true,"href":"https:\/\/www.europesays.com\/lv\/wp-json\/wp\/v2\/users\/2"}],"replies":[{"embeddable":true,"href":"https:\/\/www.europesays.com\/lv\/wp-json\/wp\/v2\/comments?post=16436"}],"version-history":[{"count":0,"href":"https:\/\/www.europesays.com\/lv\/wp-json\/wp\/v2\/posts\/16436\/revisions"}],"wp:featuredmedia":[{"embeddable":true,"href":"https:\/\/www.europesays.com\/lv\/wp-json\/wp\/v2\/media\/16437"}],"wp:attachment":[{"href":"https:\/\/www.europesays.com\/lv\/wp-json\/wp\/v2\/media?parent=16436"}],"wp:term":[{"taxonomy":"category","embeddable":true,"href":"https:\/\/www.europesays.com\/lv\/wp-json\/wp\/v2\/categories?post=16436"},{"taxonomy":"post_tag","embeddable":true,"href":"https:\/\/www.europesays.com\/lv\/wp-json\/wp\/v2\/tags?post=16436"}],"curies":[{"name":"wp","href":"https:\/\/api.w.org\/{rel}","templated":true}]}}