{"id":16442,"date":"2025-10-09T04:24:08","date_gmt":"2025-10-09T04:24:08","guid":{"rendered":"https:\/\/www.europesays.com\/lv\/16442\/"},"modified":"2025-10-09T04:24:08","modified_gmt":"2025-10-09T04:24:08","slug":"izraela-un-hamas-vienojusas-par-gazas-miera-plana-pirmo-fazi-pazino-tramps","status":"publish","type":"post","link":"https:\/\/www.europesays.com\/lv\/16442\/","title":{"rendered":"Izra\u0113la un &#8220;Ham\u0101s&#8221; vienoju\u0161\u0101s par Gazas miera pl\u0101na pirmo f\u0101zi, pazi\u0146o Tramps"},"content":{"rendered":"<p>&#8220;Tas noz\u012bm\u0113, ka visi \u0137\u012blnieki \u013coti dr\u012bz tiks atbr\u012bvoti, un <a href=\"https:\/\/www.tvnet.lv\/term\/555449\/izraela\" class=\"topicLink\" target=\"_blank\" rel=\"nofollow noopener\">Izra\u0113la<\/a> atvilks savu karasp\u0113ku uz l\u012bniju, par kuru pan\u0101kta vieno\u0161an\u0101s,&#8221; rakst\u012bja Tramps, nosaucot to par &#8220;pirmajiem so\u013ciem uz stipru, ilgsto\u0161u un m\u016b\u017e\u012bgu mieru&#8221;.<\/p>\n<p>&#8220;Attieksme pret vis\u0101m pus\u0113m b\u016bs god\u012bga!&#8221; rakst\u012bja Tramps.<\/p>\n<p>&#8220;\u0160\u012b ir di\u017ea diena ar\u0101bu un musulma\u0146u pasaulei, Izra\u0113lai, vis\u0101m apk\u0101rt\u0113j\u0101m valst\u012bm un <a href=\"https:\/\/www.tvnet.lv\/term\/555410\/asv\" class=\"topicLink\" target=\"_blank\" rel=\"nofollow noopener\">ASV<\/a>, un m\u0113s pateicamies vidut\u0101jiem no Kataras, \u0112\u0123iptes un Turcijas, kas str\u0101d\u0101ja ar mums, lai \u0161is v\u0113sturiskais un bezprecedenta izn\u0101kums notiktu,&#8221; rakst\u012bja Tramps.<\/p>\n<blockquote class=\"quote ck-widget\" contenteditable=\"false\">\n<p>Sarun\u0101m tuvs zi\u0146u avots pav\u0113st\u012bja, ka miera pl\u0101na pirm\u0101 f\u0101ze tiks parakst\u012bta ceturtdien \u0112\u0123ipt\u0113.<\/p>\n<\/blockquote>\n<p>Gazas josl\u0101 kaujinieku g\u016bst\u0101 v\u0113l atrodas 48 \u0137\u012blnieki, un Izra\u0113la ir zi\u0146ojusi, ka 20 no vi\u0146iem v\u0113l ir dz\u012bvi.<\/p>\n<p>Neilgi p\u0113c \u0161\u012b Trampa pazi\u0146ojuma Izra\u0113las premjerministrs <a href=\"https:\/\/www.tvnet.lv\/term\/580121\/benjamins-netanjahu\" class=\"topicLink\" target=\"_blank\" rel=\"nofollow noopener\">Benjamins Netanjahu<\/a> atst\u0101ja ierakstu platform\u0101 &#8220;X&#8221;.<\/p>\n<p>&#8220;Ar Dieva pal\u012bdz\u012bbu m\u0113s vi\u0146us visus atved\u012bsim m\u0101j\u0101s,&#8221; rakst\u012bja Netanjahu.<\/p>\n<p>&#8220;Ham\u0101s&#8221; apstiprin\u0101ja, ka ir pan\u0101kta vieno\u0161an\u0101s, kas &#8220;paredz beigas karam pret Gazu, okup\u0101cijas sp\u0113ku izve\u0161anu no t\u0101s, pal\u012bdz\u012bbas ieve\u0161anu un g\u016bstek\u0146u apmai\u0146u&#8221;.<\/p>\n<p>&#8220;M\u0113s augsti v\u0113rt\u0113jam m\u016bsu br\u0101\u013cu &#8211; vidut\u0101ju Katar\u0101, \u0112\u0123ipt\u0113 un Turcij\u0101 &#8211; centienus. M\u0113s nov\u0113rt\u0113jam ar\u012b ASV prezidenta Donalda Trampa centienus, kur\u0161 cen\u0161as pan\u0101kt noteiktas beigas karam un okup\u0101cijas sp\u0113ku piln\u012bgu atvilk\u0161anu no Gazas joslas,&#8221; pazi\u0146oja &#8220;Ham\u0101s&#8221;.<\/p>\n<p>&#8220;Ham\u0101s&#8221; pazi\u0146oja, ka v\u0113l dz\u012bvie \u0137\u012blnieki tiks apmain\u012bti pret aptuveni 2000 palest\u012bnie\u0161u cietumniekiem un \u0161\u012b apmai\u0146a notiks vieno\u0161an\u0101s \u012bsteno\u0161anas pirmaj\u0101s 72 stund\u0101s.<\/p>\n","protected":false},"excerpt":{"rendered":"&#8220;Tas noz\u012bm\u0113, ka visi \u0137\u012blnieki \u013coti dr\u012bz tiks atbr\u012bvoti, un Izra\u0113la atvilks savu karasp\u0113ku uz l\u012bniju, par kuru&hellip;\n","protected":false},"author":2,"featured_media":16443,"comment_status":"","ping_status":"","sticky":false,"template":"","format":"standard","meta":{"footnotes":""},"categories":[5],"tags":[23,292,1275,28,29,542,32,33,1272,22,493,503,30,31,35,39,38,36,37,34,40,20,26,27,24,25,21],"class_list":{"0":"post-16442","1":"post","2":"type-post","3":"status-publish","4":"format-standard","5":"has-post-thumbnail","7":"category-aktualitates","8":"tag-aktualitates","9":"tag-asv","10":"tag-benjamins-netanjahu","11":"tag-breaking-news","12":"tag-breakingnews","13":"tag-donalds-tramps","14":"tag-featured-news","15":"tag-featurednews","16":"tag-hamas","17":"tag-headlines","18":"tag-izraela","19":"tag-izraelas-palestiniesu-konflikts","20":"tag-latest-news","21":"tag-latestnews","22":"tag-latvia","23":"tag-latvian","24":"tag-latviesu","25":"tag-latviesu-valoda","26":"tag-latviesuvaloda","27":"tag-latvija","28":"tag-lv","29":"tag-news","30":"tag-popularakas-zinas","31":"tag-popularakaszinas","32":"tag-top-stories","33":"tag-topstories","34":"tag-zinas"},"share_on_mastodon":{"url":"","error":""},"_links":{"self":[{"href":"https:\/\/www.europesays.com\/lv\/wp-json\/wp\/v2\/posts\/16442","targetHints":{"allow":["GET"]}}],"collection":[{"href":"https:\/\/www.europesays.com\/lv\/wp-json\/wp\/v2\/posts"}],"about":[{"href":"https:\/\/www.europesays.com\/lv\/wp-json\/wp\/v2\/types\/post"}],"author":[{"embeddable":true,"href":"https:\/\/www.europesays.com\/lv\/wp-json\/wp\/v2\/users\/2"}],"replies":[{"embeddable":true,"href":"https:\/\/www.europesays.com\/lv\/wp-json\/wp\/v2\/comments?post=16442"}],"version-history":[{"count":0,"href":"https:\/\/www.europesays.com\/lv\/wp-json\/wp\/v2\/posts\/16442\/revisions"}],"wp:featuredmedia":[{"embeddable":true,"href":"https:\/\/www.europesays.com\/lv\/wp-json\/wp\/v2\/media\/16443"}],"wp:attachment":[{"href":"https:\/\/www.europesays.com\/lv\/wp-json\/wp\/v2\/media?parent=16442"}],"wp:term":[{"taxonomy":"category","embeddable":true,"href":"https:\/\/www.europesays.com\/lv\/wp-json\/wp\/v2\/categories?post=16442"},{"taxonomy":"post_tag","embeddable":true,"href":"https:\/\/www.europesays.com\/lv\/wp-json\/wp\/v2\/tags?post=16442"}],"curies":[{"name":"wp","href":"https:\/\/api.w.org\/{rel}","templated":true}]}}