{"id":16450,"date":"2025-10-09T04:44:06","date_gmt":"2025-10-09T04:44:06","guid":{"rendered":"https:\/\/www.europesays.com\/lv\/16450\/"},"modified":"2025-10-09T04:44:06","modified_gmt":"2025-10-09T04:44:06","slug":"ostapenko-apstajas-pekinas-wta-1000-dubultspelu-pusfinala-lente-lv","status":"publish","type":"post","link":"https:\/\/www.europesays.com\/lv\/16450\/","title":{"rendered":"Ostapenko apst\u0101jas Pekinas WTA 1000 dubultsp\u0113\u013cu pusfin\u0101l\u0101\u00a0\u2014\u00a0Lente.lv"},"content":{"rendered":"<p>Ostapenko zaud\u0113jums Pekinas dubultsp\u0113\u013cu pusfin\u0101l\u0101<\/p>\n<p>Latvijas tenisiste Je\u013cena Ostapenko kop\u0101 ar taiv\u0101nieti Suveju Sji ir izst\u0101jusies no Pekinas WTA 1000 turn\u012bra dubultsp\u0113\u013cu sacens\u012bbu pusfin\u0101la. \u0160is zaud\u0113jums noz\u012bm\u0113, ka vi\u0146u ce\u013c\u0161 uz \u010dempionu titulu ir nosl\u0113dzies \u0161aj\u0101 presti\u017eaj\u0101 turn\u012br\u0101.<\/p>\n<p>Turn\u012bra gaita<\/p>\n<p>Lai gan Ostapenko un vi\u0146as p\u0101riniece Sji nesp\u0113ja sasniegt fin\u0101lu, vi\u0146u sniegums \u0161aj\u0101 turn\u012br\u0101 bija sol\u012bds. Vi\u0146as demonstr\u0113ja sp\u0113c\u012bgu sniegumu, sasniedzot pusfin\u0101lu, kas ir iev\u0113rojams sasniegums WTA 1000 s\u0113rijas sacens\u012bb\u0101s. Katrs ma\u010ds \u0161\u0101da l\u012bme\u0146a turn\u012br\u0101 ir k\u0101 s\u012bva c\u012b\u0146a, kur\u0101 nepiecie\u0161ama gan meistar\u012bba, gan ar\u012b dzelzs paciet\u012bba un strat\u0113\u0123ija.<\/p>\n<p>Ostapenko karjera<\/p>\n<p>Je\u013cena Ostapenko ir paz\u012bstama ar savu agres\u012bvo sp\u0113les stilu un sp\u0113ju uzvar\u0113t lielos turn\u012bros, tostarp 2017. gada French Open. Vi\u0146a ir guvusi pan\u0101kumus ar\u012b dubultsp\u0113l\u0113s, iepriek\u0161 sasniedzot augstas vietas pasaules rang\u0101. Neskatoties uz \u0161o neveiksmi pusfin\u0101l\u0101, vi\u0146as karjera ir pilna ar iespaid\u012bgiem sasniegumiem un aizraujo\u0161iem br\u012b\u017eiem.<\/p>\n<p>N\u0101kamie izaicin\u0101jumi<\/p>\n<p>Lai gan Pekinas turn\u012brs ir nosl\u0113dzies vi\u0146\u0101m dubultsp\u0113l\u0113s, Ostapenko noteikti turpin\u0101s savu ce\u013cu tenis\u0101, mekl\u0113jot jaunas iesp\u0113jas un c\u012bnoties par n\u0101kamajiem tituliem gan viensp\u0113l\u0113s, gan dubultsp\u0113l\u0113s. Tenisa pasaule vienm\u0113r ar nepaciet\u012bbu gaida vi\u0146as n\u0101kamos so\u013cus.<\/p>\n","protected":false},"excerpt":{"rendered":"Ostapenko zaud\u0113jums Pekinas dubultsp\u0113\u013cu pusfin\u0101l\u0101 Latvijas tenisiste Je\u013cena Ostapenko kop\u0101 ar taiv\u0101nieti Suveju Sji ir izst\u0101jusies no Pekinas&hellip;\n","protected":false},"author":2,"featured_media":16451,"comment_status":"","ping_status":"","sticky":false,"template":"","format":"standard","meta":{"footnotes":""},"categories":[17],"tags":[2973,2788,35,39,38,36,37,34,40,2554,67,683,5621],"class_list":{"0":"post-16450","1":"post","2":"type-post","3":"status-publish","4":"format-standard","5":"has-post-thumbnail","7":"category-sports","8":"tag-dubultspeles","9":"tag-jelena-ostapenko","10":"tag-latvia","11":"tag-latvian","12":"tag-latviesu","13":"tag-latviesu-valoda","14":"tag-latviesuvaloda","15":"tag-latvija","16":"tag-lv","17":"tag-pusfinals","18":"tag-sports","19":"tag-teniss","20":"tag-wta-1000-pekina"},"share_on_mastodon":{"url":"","error":""},"_links":{"self":[{"href":"https:\/\/www.europesays.com\/lv\/wp-json\/wp\/v2\/posts\/16450","targetHints":{"allow":["GET"]}}],"collection":[{"href":"https:\/\/www.europesays.com\/lv\/wp-json\/wp\/v2\/posts"}],"about":[{"href":"https:\/\/www.europesays.com\/lv\/wp-json\/wp\/v2\/types\/post"}],"author":[{"embeddable":true,"href":"https:\/\/www.europesays.com\/lv\/wp-json\/wp\/v2\/users\/2"}],"replies":[{"embeddable":true,"href":"https:\/\/www.europesays.com\/lv\/wp-json\/wp\/v2\/comments?post=16450"}],"version-history":[{"count":0,"href":"https:\/\/www.europesays.com\/lv\/wp-json\/wp\/v2\/posts\/16450\/revisions"}],"wp:featuredmedia":[{"embeddable":true,"href":"https:\/\/www.europesays.com\/lv\/wp-json\/wp\/v2\/media\/16451"}],"wp:attachment":[{"href":"https:\/\/www.europesays.com\/lv\/wp-json\/wp\/v2\/media?parent=16450"}],"wp:term":[{"taxonomy":"category","embeddable":true,"href":"https:\/\/www.europesays.com\/lv\/wp-json\/wp\/v2\/categories?post=16450"},{"taxonomy":"post_tag","embeddable":true,"href":"https:\/\/www.europesays.com\/lv\/wp-json\/wp\/v2\/tags?post=16450"}],"curies":[{"name":"wp","href":"https:\/\/api.w.org\/{rel}","templated":true}]}}