{"id":16456,"date":"2025-10-09T04:56:06","date_gmt":"2025-10-09T04:56:06","guid":{"rendered":"https:\/\/www.europesays.com\/lv\/16456\/"},"modified":"2025-10-09T04:56:06","modified_gmt":"2025-10-09T04:56:06","slug":"rasels-izcina-uzvaru-singapuras-gp-mclaren-nodrosina-konstruktoru-kausu-otro-gadu-pec-kartas-lente-lv","status":"publish","type":"post","link":"https:\/\/www.europesays.com\/lv\/16456\/","title":{"rendered":"Rasels izc\u012bna uzvaru Singap\u016bras GP; McLaren nodro\u0161ina Konstruktoru kausu otro gadu p\u0113c k\u0101rtas\u00a0\u2014\u00a0Lente.lv"},"content":{"rendered":"<p>Rasels triumf\u0113 Singap\u016br\u0101, McLaren nodro\u0161ina Konstruktoru kausu<\/p>\n<p>D\u017eord\u017es Rasels no Mercedes komandas izc\u012bn\u012bjis iespaid\u012bgu uzvaru Formula 1 Singap\u016bras Grand Prix izc\u012b\u0146\u0101, p\u0101rliecino\u0161i aizst\u0101vot savu pirmo starta poz\u012bciju un fini\u0161\u0113jot pirmaviet\u0101. \u0160is pan\u0101kums ir \u012bpa\u0161i salds Raselam, kur\u0161 pirms diviem gadiem \u0161aj\u0101 pa\u0161\u0101 tras\u0113 piedz\u012bvoja p\u0113d\u0113j\u0101s aplaiza kritienu, zaud\u0113jot potenci\u0101li augstu rezult\u0101tu.<\/p>\n<p>Rasela p\u0101rliecino\u0161\u0101 snieguma laik\u0101, kur vi\u0146\u0161 kontrol\u0113ja sac\u012bk\u0161u gaitu no starta l\u012bdz fini\u0161am, galven\u0101 uzman\u012bba tika piev\u0113rsta McLaren komandai. Lai gan vi\u0146u brauc\u0113ji Lando Noriss un Oskars Piastri piedz\u012bvoja saspringtu c\u012b\u0146u sav\u0101 starp\u0101 un sadursmi sacens\u012bbu s\u0101kum\u0101, sasniegtais punktu skaits kopv\u0113rt\u0113jum\u0101 \u013c\u0101va McLaren nodro\u0161in\u0101t Konstruktoru kausu jau otro gadu p\u0113c k\u0101rtas. \u0160is sasniegums ir milz\u012bgs apliecin\u0101jums komandas ilgtermi\u0146a att\u012bst\u012bbai un sp\u0113jai notur\u0113t augstu sniegumu.<\/p>\n<p>Neskatoties uz komandas biedru savstarp\u0113jo incidentu, kas rad\u012bja ba\u017eas par McLaren titula cer\u012bb\u0101m, Noriss sp\u0113ja izc\u012bn\u012bt tre\u0161o vietu uz goda pjedest\u0101la, kam\u0113r Piastri fini\u0161\u0113ja ceturtais. \u0160is rezult\u0101ts kopsumm\u0101 bija pietiekams, lai McLaren svin\u0113tu savu 10. Konstruktoru kausu v\u0113stur\u0113, nostiprinot savu poz\u012bciju k\u0101 vienu no F1 elites komand\u0101m. Viktors Rasels atzina, ka vi\u0146a komandas sniegums bijis p\u0101rsteidzo\u0161i sp\u0113c\u012bgs, un \u0161is rezult\u0101ts pal\u012bdz Mercedes komandai c\u012b\u0146\u0101 par otro vietu Konstruktoru kaus\u0101.<\/p>\n<p>Sacens\u012bbas ar\u012b piedz\u012bvoja interesantu dinamiku, kur Makss Verstapens (Red Bull) ie\u0146\u0113ma otro vietu, spraigi aizst\u0101voties pret Norisa uzbrukumiem sacens\u012bbu nosl\u0113gum\u0101. Lai gan Verstapens nekad iepriek\u0161 nav uzvar\u0113jis Singap\u016bras tras\u0113, vi\u0146a sp\u0113ja notur\u0113t otro poz\u012bciju apliecina Red Bull komandas sp\u0113ku. Sacens\u012bb\u0101s piedal\u012bj\u0101s ar\u012b t\u0101di brauc\u0113ji k\u0101 Kimi Antonelli (Mercedes), kur\u0161 fini\u0161\u0113ja piektais, un Luiss Hamiltons (Mercedes), kur\u0161 sask\u0101r\u0101s ar brem\u017eu probl\u0113m\u0101m un ie\u0146\u0113ma astoto vietu.<\/p>\n","protected":false},"excerpt":{"rendered":"Rasels triumf\u0113 Singap\u016br\u0101, McLaren nodro\u0161ina Konstruktoru kausu D\u017eord\u017es Rasels no Mercedes komandas izc\u012bn\u012bjis iespaid\u012bgu uzvaru Formula 1 Singap\u016bras&hellip;\n","protected":false},"author":2,"featured_media":16457,"comment_status":"","ping_status":"","sticky":false,"template":"","format":"standard","meta":{"footnotes":""},"categories":[17],"tags":[4423,2467,5246,35,39,38,36,37,34,40,4420,5245,67],"class_list":{"0":"post-16456","1":"post","2":"type-post","3":"status-publish","4":"format-standard","5":"has-post-thumbnail","7":"category-sports","8":"tag-dzordzs-rasels","9":"tag-formula-1","10":"tag-konstruktoru-kauss","11":"tag-latvia","12":"tag-latvian","13":"tag-latviesu","14":"tag-latviesu-valoda","15":"tag-latviesuvaloda","16":"tag-latvija","17":"tag-lv","18":"tag-mclaren","19":"tag-singapuras-grand-prix","20":"tag-sports"},"share_on_mastodon":{"url":"","error":""},"_links":{"self":[{"href":"https:\/\/www.europesays.com\/lv\/wp-json\/wp\/v2\/posts\/16456","targetHints":{"allow":["GET"]}}],"collection":[{"href":"https:\/\/www.europesays.com\/lv\/wp-json\/wp\/v2\/posts"}],"about":[{"href":"https:\/\/www.europesays.com\/lv\/wp-json\/wp\/v2\/types\/post"}],"author":[{"embeddable":true,"href":"https:\/\/www.europesays.com\/lv\/wp-json\/wp\/v2\/users\/2"}],"replies":[{"embeddable":true,"href":"https:\/\/www.europesays.com\/lv\/wp-json\/wp\/v2\/comments?post=16456"}],"version-history":[{"count":0,"href":"https:\/\/www.europesays.com\/lv\/wp-json\/wp\/v2\/posts\/16456\/revisions"}],"wp:featuredmedia":[{"embeddable":true,"href":"https:\/\/www.europesays.com\/lv\/wp-json\/wp\/v2\/media\/16457"}],"wp:attachment":[{"href":"https:\/\/www.europesays.com\/lv\/wp-json\/wp\/v2\/media?parent=16456"}],"wp:term":[{"taxonomy":"category","embeddable":true,"href":"https:\/\/www.europesays.com\/lv\/wp-json\/wp\/v2\/categories?post=16456"},{"taxonomy":"post_tag","embeddable":true,"href":"https:\/\/www.europesays.com\/lv\/wp-json\/wp\/v2\/tags?post=16456"}],"curies":[{"name":"wp","href":"https:\/\/api.w.org\/{rel}","templated":true}]}}