{"id":16520,"date":"2025-10-09T06:07:12","date_gmt":"2025-10-09T06:07:12","guid":{"rendered":"https:\/\/www.europesays.com\/lv\/16520\/"},"modified":"2025-10-09T06:07:12","modified_gmt":"2025-10-09T06:07:12","slug":"muzikis-guntars-racs-pauz-savas-pardomas-par-maestro-raimondu-paulu","status":"publish","type":"post","link":"https:\/\/www.europesays.com\/lv\/16520\/","title":{"rendered":"m\u016bzi\u0137is Guntars Ra\u010ds pau\u017e savas p\u0101rdomas par Maestro Raimondu Paulu"},"content":{"rendered":"<p>        <img loading=\"lazy\" decoding=\"async\" class=\"lazy lazy-hidden size-full wp-image-203175\" src=\"data:image\/gif;base64,R0lGODlhAQABAIAAAAAAAP\/\/\/yH5BAEAAAAALAAAAAABAAEAAAIBRAA7\" data-lazy-type=\"image\" data-lazy-src=\"https:\/\/www.europesays.com\/lv\/wp-content\/uploads\/2025\/10\/FotoJet-54-2.jpg\" alt=\"\" width=\"818\" height=\"545\" data-lazy- data-lazy-\/>Foto \u2013 ekr\u0101nuz\u0146\u0113mums<\/p>\n<p>\u0160\u012b gada pavasar\u012b talant\u012bgais m\u016bzi\u0137is un komponists Guntars Ra\u010ds atz\u012bm\u0113ja savu 60. dzim\u0161anas dienu, bet tagad vi\u0146a dz\u012bv\u0113 notiku\u0161o skaisti un \u013coti priec\u012bgi jaunumi, ar kuriem vi\u0146\u0161 gatavs dal\u012bties ar citiem.<\/p>\n<p>Ra\u010dam \u0161ogad ir tr\u012bsk\u0101r\u0161i sv\u0113tki. Pirmk\u0101rt, vi\u0146\u0161 iepaz\u012bstin\u0101ja klaus\u012bt\u0101jus ar savu gaid\u0101mo jubilejas koncertu turneju, kas pamat\u0101 ir t\u0101m dziesm\u0101m, kas tapu\u0161as kop\u0101 ar Raimondu Paulu.<\/p>\n<p>Otrk\u0101rt, vi\u0146am n\u0101cis klaj\u0101 pirmais solo albums. \u201cSav\u0101 zi\u0146\u0101 esmu debitants k\u0101 solists!\u201d \u2013 Ra\u010ds smaida. Un tre\u0161k\u0101rt, vi\u0146am ir jauna dzejo\u013cu gr\u0101mata \u201cUzplaukt\u201d, par ko vi\u0146am pa\u0161am \u0101rk\u0101rt\u012bgi liels prieks, bet k\u0101 vi\u0146\u0161 pats saka \u2013 to, cik t\u0101 ir izdevusies, v\u0113rt\u0113s las\u012bt\u0101ji.<\/p>\n<p>M\u016bzi\u0137is, nosvinot savus 60, smejas, ka tad, kad vi\u0146am bija 15 gadi, vi\u0146am licies, ka cilv\u0113kiem, kam ir 30 gadi \u2013 ir \u201cnorakst\u0101mi\u201d. Tad, kad vi\u0146am bija 30 gadi, \u0161\u0137ita, ka tiem, kam ir 50 \u2013 tiem jau sen ir j\u0101b\u016bt pensij\u0101. Tad, kad vi\u0146am bija 50 gadi, lik\u0101s, ka tiem, kam ir 80 gadi, tie jau ir padz\u012bvoju\u0161i cilv\u0113ki. \u201cTagad, kad man ir 60 gadi, man \u0161\u0137iet \u2013 nu, ko Raimondam Paulam ir 90, nu un ko? Sp\u0113l\u0113 koncertos!\u201d \u2013 Ra\u010ds saj\u016bsm\u0101.<\/p>\n<p><img loading=\"lazy\" decoding=\"async\" class=\"lazy lazy-hidden size-full wp-image-176408\" src=\"data:image\/gif;base64,R0lGODlhAQABAIAAAAAAAP\/\/\/yH5BAEAAAAALAAAAAABAAEAAAIBRAA7\" data-lazy-type=\"image\" data-lazy-src=\"https:\/\/www.europesays.com\/lv\/wp-content\/uploads\/2025\/10\/pauls_smejas.jpg\" alt=\"\" width=\"818\" height=\"537\" data-lazy- data-lazy-\/>Foto \u2013 ekr\u0101nuz\u0146\u0113mums<\/p>\n<p>Jaut\u0101ts, kas main\u012bjies vi\u0146a dz\u012bv\u0113 \u0161ajos gados, vi\u0146\u0161 ar humoru atbild: \u201cFriz\u016bra! K\u0101 es visu savu dz\u012bvi esmu nodz\u012bvojis ar tiem briesm\u012bgiem matiem, kad es paskatos vec\u0101s bildes\u2026 es nezinu! T\u0101 joc\u012bgi pavisam esmu dz\u012bvojis. Vilcis to, kas pagad\u0101s un ar\u012b izskat\u012bjies, k\u0101 pagad\u0101s!\u201d<\/p>\n<p>Ko tagad vi\u0146\u0161 grib izdar\u012bt? Grib aizbraukt uz Dienvidameriku, izbaud\u012bt t\u0101dus k\u0101rt\u012bgus salsas ritmus, uzlikt meksik\u0101\u0146u cepuri, sa\u0113sties na\u010do \u010dipsus. K\u0101du traku Argent\u012bnas tango izdejot. Un tad \u2013 ar prieku atgriezties Latvij\u0101, sav\u0101 d\u0101rz\u0101.<\/p>\n<p>Lasi v\u0113l:\u00a0<a style=\"color: #ff0000;\" href=\"https:\/\/dzentlmenis.lv\/meteorologs-toms-bricis-prognoze-pavisam-driz-latvija-klus-stipri-vesaks-vins-precize-kad-tas-notiks\/210782\/\" target=\"_blank\" rel=\"noopener nofollow\">Meteorologs Toms Bricis prognoz\u0113: pavisam dr\u012bz Latvij\u0101 k\u013c\u016bs stipri v\u0113s\u0101ks \u2013 vi\u0146\u0161 preciz\u0113, kad tas notiks<\/a><\/p>\n<p>Guntara Ra\u010da ball\u012bt\u0113 sastopami ar\u012b da\u017ei slaveni Latvijas cilv\u0113ki. Dzied\u0101t\u0101ja Ance Krauze atz\u012bst, ka pati nekad dzim\u0161anas dienas t\u0101d\u0101 k\u0101rt\u012bg\u0101 ball\u0113 nav svin\u0113jusi, bet gan \u0161aur\u0101 radu lok\u0101. Toties ir for\u0161i atn\u0101kt ciemos pie k\u0101da, kas t\u0101 svin!<\/p>\n<p><img loading=\"lazy\" decoding=\"async\" class=\"lazy lazy-hidden size-full wp-image-154055\" src=\"data:image\/gif;base64,R0lGODlhAQABAIAAAAAAAP\/\/\/yH5BAEAAAAALAAAAAABAAEAAAIBRAA7\" data-lazy-type=\"image\" data-lazy-src=\"https:\/\/www.europesays.com\/lv\/wp-content\/uploads\/2025\/10\/racs2.jpg\" alt=\"\" width=\"818\" height=\"609\" data-lazy- data-lazy-\/>Foto \u2013 ekr\u0101nuz\u0146\u0113mums<\/p>\n<p>Dzied\u0101t\u0101js Guntis Veits smejas, ka tagad vi\u0146\u0161 zin\u0101s, k\u0101 ir j\u0101svin: \u201cMan v\u0113l 10 gadi laika, tad jau simti\u0146am zin\u0101\u0161u, k\u0101 svin\u0113t! Sav\u0101s dzim\u0161anas dien\u0101 vienm\u0113r koncert\u0113ju \u2013 man tie\u0161\u0101m iekr\u012bt tas viss lielajos koncertos. Un tie\u0161i t\u0101 es ar\u012b svinu!\u201d<\/p>\n<p>Savuk\u0101rt popul\u0101rais dzied\u0101t\u0101js Ivo Fomins nesl\u0113pj, ka cen\u0161as savas dzim\u0161anas dienas svin\u0113t \u0101rpus Latvijas: \u201cGribas vienm\u0113r no visiem aizmukt, un divat\u0101 atp\u016bsties ar sievu.\u201d<\/p>\n<p>Guntars Ra\u010ds svin \u012bpa\u0161u dienu sav\u0101 dz\u012bv\u0113, video:<br \/><img decoding=\"async\" src=\"data:image\/gif;base64,R0lGODlhAQABAIAAAAAAAP\/\/\/yH5BAEAAAAALAAAAAABAAEAAAIBRAA7\" class=\"lazy lazy-hidden\" data-lazy-type=\"iframe\" data-lazy-src=\"&lt;iframe loading=&quot;lazy&quot; class=&quot;tv3play&quot; src=&quot;https:\/\/play.tv3.lv\/embed-video\/muzikis-un-rakstnieks-guntars-racs-60-gadu-jubileju-atzime,clip-10250408?autoplayOnHover=true&quot; width=&quot;640&quot; height=&quot;360&quot; frameborder=&quot;0&quot; scrolling=&quot;no&quot; allowfullscreen=&quot;allowfullscreen&quot;&gt;&lt;\/iframe&gt;\" alt=\"\"\/><\/p>\n","protected":false},"excerpt":{"rendered":"Foto \u2013 ekr\u0101nuz\u0146\u0113mums \u0160\u012b gada pavasar\u012b talant\u012bgais m\u016bzi\u0137is un komponists Guntars Ra\u010ds atz\u012bm\u0113ja savu 60. dzim\u0161anas dienu, bet&hellip;\n","protected":false},"author":2,"featured_media":16521,"comment_status":"","ping_status":"","sticky":false,"template":"","format":"standard","meta":{"footnotes":""},"categories":[19],"tags":[5626,89,3209,90,35,39,38,36,37,34,40,2672],"class_list":{"0":"post-16520","1":"post","2":"type-post","3":"status-publish","4":"format-standard","5":"has-post-thumbnail","7":"category-izklaide","8":"tag-dzimsanas-diena","9":"tag-entertainment","10":"tag-guntars-racs","11":"tag-izklaide","12":"tag-latvia","13":"tag-latvian","14":"tag-latviesu","15":"tag-latviesu-valoda","16":"tag-latviesuvaloda","17":"tag-latvija","18":"tag-lv","19":"tag-raimonds-pauls"},"share_on_mastodon":{"url":"","error":""},"_links":{"self":[{"href":"https:\/\/www.europesays.com\/lv\/wp-json\/wp\/v2\/posts\/16520","targetHints":{"allow":["GET"]}}],"collection":[{"href":"https:\/\/www.europesays.com\/lv\/wp-json\/wp\/v2\/posts"}],"about":[{"href":"https:\/\/www.europesays.com\/lv\/wp-json\/wp\/v2\/types\/post"}],"author":[{"embeddable":true,"href":"https:\/\/www.europesays.com\/lv\/wp-json\/wp\/v2\/users\/2"}],"replies":[{"embeddable":true,"href":"https:\/\/www.europesays.com\/lv\/wp-json\/wp\/v2\/comments?post=16520"}],"version-history":[{"count":0,"href":"https:\/\/www.europesays.com\/lv\/wp-json\/wp\/v2\/posts\/16520\/revisions"}],"wp:featuredmedia":[{"embeddable":true,"href":"https:\/\/www.europesays.com\/lv\/wp-json\/wp\/v2\/media\/16521"}],"wp:attachment":[{"href":"https:\/\/www.europesays.com\/lv\/wp-json\/wp\/v2\/media?parent=16520"}],"wp:term":[{"taxonomy":"category","embeddable":true,"href":"https:\/\/www.europesays.com\/lv\/wp-json\/wp\/v2\/categories?post=16520"},{"taxonomy":"post_tag","embeddable":true,"href":"https:\/\/www.europesays.com\/lv\/wp-json\/wp\/v2\/tags?post=16520"}],"curies":[{"name":"wp","href":"https:\/\/api.w.org\/{rel}","templated":true}]}}