{"id":16560,"date":"2025-10-09T06:44:07","date_gmt":"2025-10-09T06:44:07","guid":{"rendered":"https:\/\/www.europesays.com\/lv\/16560\/"},"modified":"2025-10-09T06:44:07","modified_gmt":"2025-10-09T06:44:07","slug":"latvijas-u-16-izlases-centrs-pievienojas-kaunas-zalgiris-sistemai","status":"publish","type":"post","link":"https:\/\/www.europesays.com\/lv\/16560\/","title":{"rendered":"Latvijas U-16 izlases centrs pievienojas Kau\u0146as &#8220;\u017dalgiris&#8221; sist\u0113mai"},"content":{"rendered":"<p>208 centimetrus garais Steckis aizvad\u012btaj\u0101 vasar\u0101 Latvijas U-16 izlases sast\u0101v\u0101 Eiropas \u010dempion\u0101t\u0101 se\u0161os ma\u010dos vid\u0113ji guva 8,2 punktus, izc\u012bn\u012bja 6,2 atl\u0113ku\u0161\u0101s bumbas un blo\u0137\u0113ja 1,2 metienus.<\/p>\n<p>16 gadus vecais Steckis ir &#8220;Liep\u0101jas Sporta sp\u0113\u013cu skolas&#8221; audz\u0113knis. Pl\u0101nots, ka Latvijas jaunais basketbolists \u0161osezon sp\u0113l\u0113s &#8220;\u017dalgiris&#8221; tre\u0161aj\u0101 komand\u0101, kas sp\u0113l\u0113 Lietuvas tre\u0161aj\u0101 l\u012bg\u0101.<\/p>\n<p>&#8220;\u017dalgiris&#8221; jaunatnes att\u012bst\u012bbas sist\u0113mai pievienojies ar\u012b Igaunijas basketbolists Stens Markus Adamsons, kur\u0161 \u0161osezon sp\u0113l\u0113s otraj\u0101 komand\u0101 Lietuvas otraj\u0101 l\u012bg\u0101.<\/p>\n<p>&#8220;Em\u012bls ir viens no daudzsolo\u0161\u0101kajiem savas paaudzes basketbolistiem Latvij\u0101, kuram ir potenci\u0101ls n\u0101kotn\u0113 sp\u0113l\u0113t vair\u0101k\u0101s poz\u012bcij\u0101s. Vi\u0146\u0161 ir \u013coti kust\u012bgs un koordin\u0113ts, izce\u013cas ar \u0101trumu un c\u012bn\u012bt\u0101ja mentalit\u0101ti,&#8221; pazi\u0146ojum\u0101 cit\u0113ts &#8220;\u017dalgiris&#8221; jaunie\u0161u komandu vad\u012bt\u0101js Andrjus Gopens.<\/p>\n<p>&#8220;\u017dalgiris&#8221; sav\u0101 pazi\u0146ojum\u0101 atz\u012bm\u0113, ka Steckis n\u0101k no basketbola \u0123imenes \u2013 vi\u0146a t\u0113vs Arvis ir treneris, kur\u0161 str\u0101d\u0101 par BK &#8220;Liep\u0101ja&#8221; galven\u0101 trenera Art\u016bra Visocka-Rube\u0146a asistentu.<\/p>\n<p>&#8220;Esmu \u012bpa\u0161i gandar\u012bts, ka p\u0113c daudziem gadiem &#8220;\u017dalgiris &#8221; jaunie\u0161u sist\u0113m\u0101 atkal ir p\u0101rst\u0101vji no vis\u0101m trim Baltijas valst\u012bm. Jaunie\u0161u turn\u012bros m\u0113s var\u0113sim p\u0101rst\u0101v\u0113t ne tikai Kau\u0146u vai Lietuvu, bet ar\u012b visu Baltiju,&#8221; prieku pauda Gopens.<\/p>\n<p>Iepriek\u0161\u0113j\u0101 sezon\u0101 &#8220;\u017dalgiris&#8221; otro komandu p\u0101rst\u0101v\u0113ja I\u013cja Kurucs, kur\u0161 aizvad\u012btaj\u0101 vasar\u0101 bija viens no l\u012bderiem Latvijas U-18 izlas\u0113, kas Eiropas \u010dempion\u0101t\u0101 izc\u012bn\u012bja ceturto vietu. \u0160osezon vi\u0146\u0161 ir iz\u012br\u0113ts BK &#8220;Liep\u0101ja&#8221; komandai, g\u016bstot sp\u0113\u013cu praksi Latvijas-Igaunijas l\u012bg\u0101.<\/p>\n<blockquote class=\"twitter-tweet\">\n<p lang=\"en\" dir=\"ltr\">Players from all three Baltic countries will once again represent the Zalgiris youth teams. \ud83c\uddf1\ud83c\uddf9\ud83c\uddf1\ud83c\uddfb\ud83c\uddea\ud83c\uddea<\/p>\n<p>Estonian talent Sten Markus Adamson joins Zalgiris-2, while Latvian Emils Steckis strengthens Zalgiris-3. \ud83d\udcaa\ud83c\udffb <a href=\"https:\/\/t.co\/mRL9d1dn8B\" rel=\"nofollow\">pic.twitter.com\/mRL9d1dn8B<\/a><\/p>\n<p>\u2014 BC Zalgiris Kaunas (@bczalgiris) <a href=\"https:\/\/twitter.com\/bczalgiris\/status\/1975946793218453639?ref_src=twsrc%5Etfw\" rel=\"nofollow noopener\" target=\"_blank\">October 8, 2025<\/a><\/p><\/blockquote>\n<p><script async src=\"https:\/\/platform.twitter.com\/widgets.js\" charset=\"utf-8\"><\/script><\/p>\n","protected":false},"excerpt":{"rendered":"208 centimetrus garais Steckis aizvad\u012btaj\u0101 vasar\u0101 Latvijas U-16 izlases sast\u0101v\u0101 Eiropas \u010dempion\u0101t\u0101 se\u0161os ma\u010dos vid\u0113ji guva 8,2 punktus,&hellip;\n","protected":false},"author":2,"featured_media":16561,"comment_status":"","ping_status":"","sticky":false,"template":"","format":"standard","meta":{"footnotes":""},"categories":[17],"tags":[145,144,5633,1098,4147,35,39,38,36,37,34,40,67],"class_list":{"0":"post-16560","1":"post","2":"type-post","3":"status-publish","4":"format-standard","5":"has-post-thumbnail","7":"category-sports","8":"tag-basketbols","9":"tag-basketbols-latvija","10":"tag-basketbols-lietuva","11":"tag-basketbols-pasaule","12":"tag-kaunas-zalgiris","13":"tag-latvia","14":"tag-latvian","15":"tag-latviesu","16":"tag-latviesu-valoda","17":"tag-latviesuvaloda","18":"tag-latvija","19":"tag-lv","20":"tag-sports"},"share_on_mastodon":{"url":"","error":""},"_links":{"self":[{"href":"https:\/\/www.europesays.com\/lv\/wp-json\/wp\/v2\/posts\/16560","targetHints":{"allow":["GET"]}}],"collection":[{"href":"https:\/\/www.europesays.com\/lv\/wp-json\/wp\/v2\/posts"}],"about":[{"href":"https:\/\/www.europesays.com\/lv\/wp-json\/wp\/v2\/types\/post"}],"author":[{"embeddable":true,"href":"https:\/\/www.europesays.com\/lv\/wp-json\/wp\/v2\/users\/2"}],"replies":[{"embeddable":true,"href":"https:\/\/www.europesays.com\/lv\/wp-json\/wp\/v2\/comments?post=16560"}],"version-history":[{"count":0,"href":"https:\/\/www.europesays.com\/lv\/wp-json\/wp\/v2\/posts\/16560\/revisions"}],"wp:featuredmedia":[{"embeddable":true,"href":"https:\/\/www.europesays.com\/lv\/wp-json\/wp\/v2\/media\/16561"}],"wp:attachment":[{"href":"https:\/\/www.europesays.com\/lv\/wp-json\/wp\/v2\/media?parent=16560"}],"wp:term":[{"taxonomy":"category","embeddable":true,"href":"https:\/\/www.europesays.com\/lv\/wp-json\/wp\/v2\/categories?post=16560"},{"taxonomy":"post_tag","embeddable":true,"href":"https:\/\/www.europesays.com\/lv\/wp-json\/wp\/v2\/tags?post=16560"}],"curies":[{"name":"wp","href":"https:\/\/api.w.org\/{rel}","templated":true}]}}