{"id":16582,"date":"2025-10-09T07:10:07","date_gmt":"2025-10-09T07:10:07","guid":{"rendered":"https:\/\/www.europesays.com\/lv\/16582\/"},"modified":"2025-10-09T07:10:07","modified_gmt":"2025-10-09T07:10:07","slug":"tramps-nedelas-nogale-varetu-doties-uz-tuvo-austrumu-miera-sarunam","status":"publish","type":"post","link":"https:\/\/www.europesays.com\/lv\/16582\/","title":{"rendered":"Tramps ned\u0113\u013cas nogal\u0113 var\u0113tu doties uz Tuvo Austrumu miera sarun\u0101m"},"content":{"rendered":"<p>Ja sarunas b\u016bs veiksm\u012bgas, vi\u0146\u0161 var\u0113tu izlidot uz t\u0101m sv\u0113tdien vai sestdienas vakar\u0101, Tramps sac\u012bja pas\u0101kum\u0101 Baltaj\u0101 nam\u0101.<\/p>\n<p>Sarunas starp Izra\u0113las un palest\u012bnie\u0161u kaujinieku organiz\u0101cijas &#8220;Ham\u0101s&#8221; deleg\u0101cij\u0101m jau vair\u0101kas dienas notiek \u0112\u0123iptes k\u016brortpils\u0113t\u0101 \u0160arm e\u0161 \u0160eih\u0101.<\/p>\n<p>Trampa ierosin\u0101ts 20 punktu miera pl\u0101ns kara izbeig\u0161anai Gazas josl\u0101 paredz, ka Izra\u0113la atvilktu savus sp\u0113kus uz &#8220;s\u0101kotn\u0113jo atvilk\u0161anas l\u012bniju&#8221; apmai\u0146\u0101 pret \u0137\u012blnieku atbr\u012bvo\u0161anu. Apmai\u0146\u0101 pret to Izra\u0113la ar\u012b atbr\u012bvotu ap 250 palest\u012bnie\u0161u, kas izcie\u0161 m\u016b\u017ea ieslodz\u012bjumu, un aptuveni 1700 citu palest\u012bnie\u0161u, kas tika apcietin\u0101ti p\u0113c &#8220;Ham\u0101s&#8221; 2023.gada 7.oktobra uzbrukuma Izra\u0113lai.<\/p>\n<p>Izra\u0113las mediji, atsaucoties uz augstu amatpersonu, zi\u0146oja, ka abas puses var\u0113tu pan\u0101kt vieno\u0161anos ceturtdien vai piektdien. P\u0113c tam var tikt atbr\u012bvoti \u0137\u012blnieki, kas gan notiktu ne \u0101tr\u0101k k\u0101 sestdien vai n\u0101kam\u0101s ned\u0113\u013cas s\u0101kum\u0101.<\/p>\n","protected":false},"excerpt":{"rendered":"Ja sarunas b\u016bs veiksm\u012bgas, vi\u0146\u0161 var\u0113tu izlidot uz t\u0101m sv\u0113tdien vai sestdienas vakar\u0101, Tramps sac\u012bja pas\u0101kum\u0101 Baltaj\u0101 nam\u0101.&hellip;\n","protected":false},"author":2,"featured_media":16583,"comment_status":"","ping_status":"","sticky":false,"template":"","format":"standard","meta":{"footnotes":""},"categories":[5],"tags":[23,292,28,29,542,32,33,22,30,31,35,39,38,36,37,34,40,20,3923,26,27,24,25,21],"class_list":{"0":"post-16582","1":"post","2":"type-post","3":"status-publish","4":"format-standard","5":"has-post-thumbnail","7":"category-aktualitates","8":"tag-aktualitates","9":"tag-asv","10":"tag-breaking-news","11":"tag-breakingnews","12":"tag-donalds-tramps","13":"tag-featured-news","14":"tag-featurednews","15":"tag-headlines","16":"tag-latest-news","17":"tag-latestnews","18":"tag-latvia","19":"tag-latvian","20":"tag-latviesu","21":"tag-latviesu-valoda","22":"tag-latviesuvaloda","23":"tag-latvija","24":"tag-lv","25":"tag-news","26":"tag-politika","27":"tag-popularakas-zinas","28":"tag-popularakaszinas","29":"tag-top-stories","30":"tag-topstories","31":"tag-zinas"},"share_on_mastodon":{"url":"","error":""},"_links":{"self":[{"href":"https:\/\/www.europesays.com\/lv\/wp-json\/wp\/v2\/posts\/16582","targetHints":{"allow":["GET"]}}],"collection":[{"href":"https:\/\/www.europesays.com\/lv\/wp-json\/wp\/v2\/posts"}],"about":[{"href":"https:\/\/www.europesays.com\/lv\/wp-json\/wp\/v2\/types\/post"}],"author":[{"embeddable":true,"href":"https:\/\/www.europesays.com\/lv\/wp-json\/wp\/v2\/users\/2"}],"replies":[{"embeddable":true,"href":"https:\/\/www.europesays.com\/lv\/wp-json\/wp\/v2\/comments?post=16582"}],"version-history":[{"count":0,"href":"https:\/\/www.europesays.com\/lv\/wp-json\/wp\/v2\/posts\/16582\/revisions"}],"wp:featuredmedia":[{"embeddable":true,"href":"https:\/\/www.europesays.com\/lv\/wp-json\/wp\/v2\/media\/16583"}],"wp:attachment":[{"href":"https:\/\/www.europesays.com\/lv\/wp-json\/wp\/v2\/media?parent=16582"}],"wp:term":[{"taxonomy":"category","embeddable":true,"href":"https:\/\/www.europesays.com\/lv\/wp-json\/wp\/v2\/categories?post=16582"},{"taxonomy":"post_tag","embeddable":true,"href":"https:\/\/www.europesays.com\/lv\/wp-json\/wp\/v2\/tags?post=16582"}],"curies":[{"name":"wp","href":"https:\/\/api.w.org\/{rel}","templated":true}]}}