{"id":16589,"date":"2025-10-09T07:20:08","date_gmt":"2025-10-09T07:20:08","guid":{"rendered":"https:\/\/www.europesays.com\/lv\/16589\/"},"modified":"2025-10-09T07:20:08","modified_gmt":"2025-10-09T07:20:08","slug":"ryanair-ziemas-sezona-no-rigas-atcels-septinus-galamerkus-dienas-bizness","status":"publish","type":"post","link":"https:\/\/www.europesays.com\/lv\/16589\/","title":{"rendered":"Ryanair ziemas sezon\u0101 no R\u012bgas atcels septi\u0146us galam\u0113r\u0137us :: Dienas Bizness"},"content":{"rendered":"<p class=\"text-font font-size--text-xlarge margin-3--bottom font-weight--bold padding-1--top\">\u012arijas zemo cenu lidsabiedr\u012bba &#8220;Ryanair&#8221; \u0161\u012b gada ziemas sezon\u0101 lidojumu grafiku samazin\u0101s par 20% jeb 160 000 s\u0113dviet\u0101m un no R\u012bgas atcels septi\u0146us galam\u0113r\u0137us, ceturtdien preses konferenc\u0113 inform\u0113ja &#8220;Ryanair&#8221; komercdirektors D\u017eeisons Makginess.<\/p>\n<p class=\"text-font font-size--text-xlarge margin-3--bottom\">Tostarp ziemas sezon\u0101 tiks atcelti lidojumi no R\u012bgas uz \u0100rhusu D\u0101nij\u0101, Edinburgu Lielbrit\u0101nij\u0101, Gda\u0146sku Polij\u0101, G\u0113teborgu Zviedrij\u0101, Par\u012bzes Bov\u0113 lidostu Francij\u0101, Memmingeni V\u0101cij\u0101, k\u0101 ar\u012b netiks ats\u0101kti lidojumi uz Berl\u012bni V\u0101cij\u0101.<\/p>\n<p class=\"text-font font-size--text-xlarge margin-3--bottom\">Makginess skaidroja, ka ziemas grafiks tiek samazin\u0101ts pieaugo\u0161o lidostas maksu d\u0113\u013c, kas padara R\u012bgu maz\u0101k konkur\u0113tsp\u0113j\u012bgu, jo pasa\u017eieru pl\u016bsma joproj\u0101m ir maz\u0101ka nek\u0101 pirms Covid-19 pand\u0113mijas.<\/p>\n<p class=\"text-font font-size--text-xlarge margin-3--bottom\">Vienlaikus vi\u0146\u0161 skaidroja, ka ceturtdien &#8220;Ryanair&#8221; komanda tik\u0101s ar Latvijas Satiksmes ministriju (SM) un iesniedza pl\u0101nu par pasa\u017eieru pl\u016bsmas dubulto\u0161anu, kas nodro\u0161in\u0101tu papildu invest\u012bcijas 200 miljonu ASV dol\u0101ru apm\u0113r\u0101 un lidsabiedr\u012bba n\u0101kamo piecu gadu laik\u0101 atkl\u0101tu 14 jaunus mar\u0161rutus.<\/p>\n<p class=\"text-font font-size--text-xlarge margin-3--bottom\">&#8220;Tom\u0113r \u0161\u012b izaugsme ir iesp\u0113jama tikai tad, ja R\u012bgas lidosta un Latvijas vald\u012bba samazin\u0101s lidostas maksas,&#8221; vi\u0146\u0161 piebilda.<\/p>\n<p class=\"text-font font-size--text-xlarge margin-3--bottom\">Vi\u0146\u0161 uzsv\u0113ra, ka \u0161ie samazin\u0101jumi ir tie\u0161as sekas pieaugo\u0161aj\u0101m izmaks\u0101m R\u012bgas lidost\u0101, jo t\u0101s ir palielin\u0101ju\u0161\u0101s par 15% kop\u0161 &#8220;Ryanair&#8221; b\u0101zes atkl\u0101\u0161anas 2021.gad\u0101.<\/p>\n<p class=\"text-font font-size--text-xlarge margin-3--bottom\">Jau zi\u0146ots, ka &#8220;Ryanair&#8221; ziemas sezon\u0101 samazin\u0101s lidojumu skaitu ar\u012b cit\u0101s valst\u012bs, tostarp Igaunij\u0101 un Lietuv\u0101.<\/p>\n<p class=\"text-font font-size--text-xlarge margin-3--bottom\">Iepriek\u0161 &#8220;Ryanair&#8221; inform\u0113ja, ka nepl\u0101no ziemas sezon\u0101 ats\u0101kt lidojumus piecos mar\u0161rutos no Tallinas, kas tika sl\u0113gti febru\u0101r\u012b paaugstin\u0101to lidostu nodevu d\u0113\u013c.<\/p>\n<p class=\"text-font font-size--text-xlarge margin-3--bottom\">&#8220;M\u016bsu ziemas lidojumu grafiks b\u016bs par 40% maz\u0101ks, jo Tallinas lidosta paaugstina nodevas par 70%,&#8221; preses konferenc\u0113 Tallin\u0101 sac\u012bja Makginess.<\/p>\n<p class=\"text-font font-size--text-xlarge margin-3--bottom\">\u0160ie galam\u0113r\u0137i ir Bergamo, Trev\u012bzo un Roma It\u0101lij\u0101, k\u0101 ar\u012b Pafa Kipr\u0101 un V\u012bne Austrij\u0101.<\/p>\n<p class=\"text-font font-size--text-xlarge margin-3--bottom\">Tallinas lidostas komercdirektors \u0112ro Pergm\u0113 sac\u012bja Igaunijas sabiedriskajai raidorganiz\u0101cijai ERR, ka febru\u0101r\u012b, kad &#8220;Ryanair&#8221; pazi\u0146oja par \u0161o mar\u0161rutu sl\u0113g\u0161anu, lidosta neparedz\u0113ja, ka ziemas sezon\u0101 reisi tajos var\u0113tu tikt ats\u0101kti.<\/p>\n<p class=\"text-font font-size--text-xlarge margin-3--bottom\">Vi\u0146\u0161 ar\u012b pauda neizpratni par &#8220;Ryanair&#8221; apgalvojumu, ka lidostas maksas palielin\u0101tas par 70%.<\/p>\n<p class=\"text-font font-size--text-xlarge margin-3--bottom\">&#8220;T\u0101 ir piln\u012bga nepaties\u012bba. Mums ir j\u0101jaut\u0101, uz ko balst\u0101s vi\u0146u apr\u0113\u0137ini,&#8221; sac\u012bja Pergm\u0113.<\/p>\n<p class=\"text-font font-size--text-xlarge margin-3--bottom\">P\u0113c vi\u0146a teikt\u0101, lidosta nav pazi\u0146ojusi par maksu palielin\u0101jumu \u0161ogad, bet glu\u017ei pret\u0113ji &#8211; nesen apstiprin\u0101ja, ka 2025.gada beig\u0101s, 2026. vai 2027.gad\u0101 maksu palielin\u0101jums nav pl\u0101nots.<\/p>\n<p class=\"text-font font-size--text-xlarge margin-3--bottom\">&#8220;Ryanair&#8221; dibin\u0101ta 1984.gad\u0101. Aviokomp\u0101nijas flot\u0113 ir vair\u0101k nek\u0101 600 lidma\u0161\u012bnu, pied\u0101v\u0101jot reisus uz 37 valst\u012bm, liecina inform\u0101cija aviokomp\u0101nijas m\u0101jaslap\u0101.<\/p>\n","protected":false},"excerpt":{"rendered":"\u012arijas zemo cenu lidsabiedr\u012bba &#8220;Ryanair&#8221; \u0161\u012b gada ziemas sezon\u0101 lidojumu grafiku samazin\u0101s par 20% jeb 160 000 s\u0113dviet\u0101m&hellip;\n","protected":false},"author":2,"featured_media":16590,"comment_status":"","ping_status":"","sticky":false,"template":"","format":"standard","meta":{"footnotes":""},"categories":[14],"tags":[23,57,869,77,870,28,29,867,32,33,22,30,31,35,39,38,36,37,34,871,868,40,20,26,27,24,25,54,55,56,21,58],"class_list":{"0":"post-16589","1":"post","2":"type-post","3":"status-publish","4":"format-standard","5":"has-post-thumbnail","7":"category-zinas-no-arvalstim","8":"tag-aktualitates","9":"tag-arvalstim","10":"tag-biznesa-zinas","11":"tag-bizness","12":"tag-bizness-latvija","13":"tag-breaking-news","14":"tag-breakingnews","15":"tag-dienas-zinas","16":"tag-featured-news","17":"tag-featurednews","18":"tag-headlines","19":"tag-latest-news","20":"tag-latestnews","21":"tag-latvia","22":"tag-latvian","23":"tag-latviesu","24":"tag-latviesu-valoda","25":"tag-latviesuvaloda","26":"tag-latvija","27":"tag-latvijas-biznesa-zinas","28":"tag-latvijas-zinas","29":"tag-lv","30":"tag-news","31":"tag-popularakas-zinas","32":"tag-popularakaszinas","33":"tag-top-stories","34":"tag-topstories","35":"tag-world","36":"tag-world-news","37":"tag-worldnews","38":"tag-zinas","39":"tag-zinas-no-arvalstim"},"share_on_mastodon":{"url":"","error":""},"_links":{"self":[{"href":"https:\/\/www.europesays.com\/lv\/wp-json\/wp\/v2\/posts\/16589","targetHints":{"allow":["GET"]}}],"collection":[{"href":"https:\/\/www.europesays.com\/lv\/wp-json\/wp\/v2\/posts"}],"about":[{"href":"https:\/\/www.europesays.com\/lv\/wp-json\/wp\/v2\/types\/post"}],"author":[{"embeddable":true,"href":"https:\/\/www.europesays.com\/lv\/wp-json\/wp\/v2\/users\/2"}],"replies":[{"embeddable":true,"href":"https:\/\/www.europesays.com\/lv\/wp-json\/wp\/v2\/comments?post=16589"}],"version-history":[{"count":0,"href":"https:\/\/www.europesays.com\/lv\/wp-json\/wp\/v2\/posts\/16589\/revisions"}],"wp:featuredmedia":[{"embeddable":true,"href":"https:\/\/www.europesays.com\/lv\/wp-json\/wp\/v2\/media\/16590"}],"wp:attachment":[{"href":"https:\/\/www.europesays.com\/lv\/wp-json\/wp\/v2\/media?parent=16589"}],"wp:term":[{"taxonomy":"category","embeddable":true,"href":"https:\/\/www.europesays.com\/lv\/wp-json\/wp\/v2\/categories?post=16589"},{"taxonomy":"post_tag","embeddable":true,"href":"https:\/\/www.europesays.com\/lv\/wp-json\/wp\/v2\/tags?post=16589"}],"curies":[{"name":"wp","href":"https:\/\/api.w.org\/{rel}","templated":true}]}}