{"id":165959,"date":"2026-03-29T21:32:06","date_gmt":"2026-03-29T21:32:06","guid":{"rendered":"https:\/\/www.europesays.com\/lv\/165959\/"},"modified":"2026-03-29T21:32:06","modified_gmt":"2026-03-29T21:32:06","slug":"rheinmetall-izpilddirektors-izsmej-ukrainas-dronu-razosanu","status":"publish","type":"post","link":"https:\/\/www.europesays.com\/lv\/165959\/","title":{"rendered":"\u201cRheinmetall\u201d izpilddirektors izsmej Ukrainas dronu ra\u017eo\u0161anu"},"content":{"rendered":"<p class=\"MsoNormal\">V\u0101cijas iero\u010du giganta \u201cRheinmetall\u201d izpilddirektors Arm\u012bns Papergers ar saviem niev\u0101jo\u0161ajiem izteikumiem par Ukrainas dronu ra\u017eo\u0161anu ir izrais\u012bjis kritikas v\u0113tru. ASV \u017eurn\u0101ls \u201cThe Atlantic\u201d pavad\u012bja Papergeru un interv\u0113ja vi\u0146u, uzdodot jaut\u0101jumus ar\u012b par strauji augo\u0161o Ukrainas dronu nozari. Iero\u010du koncerna vad\u012bt\u0101js nic\u012bgi izteic\u0101s par vi\u0146u darbu, sakot, k\u0101 v\u0113sta laikraksts <a target=\"_blank\" rel=\"noopener noreferrer nofollow\" href=\"https:\/\/www.faz.net\/aktuell\/wirtschaft\/unternehmen\/rheinmetall-chef-papperger-spottet-ueber-ukrainische-drohnen-accg-200683164.html\">\u201cFrankfurter Allgemeine Zeitung\u201d (FAZ)<\/a>: \u201cT\u0101 nav inov\u0101cija.\u201d<\/p>\n<p class=\"MsoNormal\">V\u0113l \u013caun\u0101k, vi\u0146\u0161 tika cit\u0113ts sak\u0101m: \u201cVi\u0146as ir ukrai\u0146u m\u0101jsaimnieces. Vi\u0146\u0101m virtuv\u0113s ir 3D printeri, un vi\u0146as tos izmanto, lai ra\u017eotu deta\u013cas droniem.\u201d Cit\u0101 sarunas epizod\u0113 Papergers ukrai\u0146u dronus sal\u012bdzin\u0101ja ar rota\u013cliet\u0101m, sakot: \u201cT\u0101 tu sp\u0113l\u0113jies ar Lego.\u201d Saska\u0146\u0101 ar <a target=\"_blank\" rel=\"noopener noreferrer nofollow\" href=\"https:\/\/www.faz.net\/aktuell\/wirtschaft\/unternehmen\/rheinmetall-chef-papperger-spottet-ueber-ukrainische-drohnen-accg-200683164.html\">FAZ<\/a> sniegto inform\u0101ciju, vi\u0146\u0161 gan uzslav\u0113ja Ukrainas dronu ra\u017eo\u0161anu, ta\u010du preciz\u0113ja, ka, vi\u0146apr\u0101t, \u0161\u012b tehnolo\u0123ija nav sal\u012bdzin\u0101ma ar \u201cLockheed Martin\u201d, \u201cGeneral Dynamics\u201d vai \u201cRheinmetall\u201d tehnolo\u0123ij\u0101m.<\/p>\n","protected":false},"excerpt":{"rendered":"V\u0101cijas iero\u010du giganta \u201cRheinmetall\u201d izpilddirektors Arm\u012bns Papergers ar saviem niev\u0101jo\u0161ajiem izteikumiem par Ukrainas dronu ra\u017eo\u0161anu ir izrais\u012bjis kritikas&hellip;\n","protected":false},"author":2,"featured_media":165960,"comment_status":"","ping_status":"","sticky":false,"template":"","format":"standard","meta":{"footnotes":"","_share_on_mastodon":"0"},"categories":[14],"tags":[23,57,3700,28,29,9482,75,32,33,22,74,30,31,35,39,38,36,37,34,40,20,26,27,2181,24,25,276,299,54,55,56,21,58],"class_list":["post-165959","post","type-post","status-publish","format-standard","has-post-thumbnail","category-zinas-no-arvalstim","tag-aktualitates","tag-arvalstim","tag-autoritarisma-ena-par-eiropu","tag-breaking-news","tag-breakingnews","tag-brunojums","tag-droni","tag-featured-news","tag-featurednews","tag-headlines","tag-krievijas-iebrukums-ukraina","tag-latest-news","tag-latestnews","tag-latvia","tag-latvian","tag-latviesu","tag-latviesu-valoda","tag-latviesuvaloda","tag-latvija","tag-lv","tag-news","tag-popularakas-zinas","tag-popularakaszinas","tag-rheinmetall","tag-top-stories","tag-topstories","tag-ukraina","tag-vacija","tag-world","tag-world-news","tag-worldnews","tag-zinas","tag-zinas-no-arvalstim"],"share_on_mastodon":{"url":"https:\/\/pubeurope.com\/@lv\/116314606305311159","error":""},"_links":{"self":[{"href":"https:\/\/www.europesays.com\/lv\/wp-json\/wp\/v2\/posts\/165959","targetHints":{"allow":["GET"]}}],"collection":[{"href":"https:\/\/www.europesays.com\/lv\/wp-json\/wp\/v2\/posts"}],"about":[{"href":"https:\/\/www.europesays.com\/lv\/wp-json\/wp\/v2\/types\/post"}],"author":[{"embeddable":true,"href":"https:\/\/www.europesays.com\/lv\/wp-json\/wp\/v2\/users\/2"}],"replies":[{"embeddable":true,"href":"https:\/\/www.europesays.com\/lv\/wp-json\/wp\/v2\/comments?post=165959"}],"version-history":[{"count":0,"href":"https:\/\/www.europesays.com\/lv\/wp-json\/wp\/v2\/posts\/165959\/revisions"}],"wp:featuredmedia":[{"embeddable":true,"href":"https:\/\/www.europesays.com\/lv\/wp-json\/wp\/v2\/media\/165960"}],"wp:attachment":[{"href":"https:\/\/www.europesays.com\/lv\/wp-json\/wp\/v2\/media?parent=165959"}],"wp:term":[{"taxonomy":"category","embeddable":true,"href":"https:\/\/www.europesays.com\/lv\/wp-json\/wp\/v2\/categories?post=165959"},{"taxonomy":"post_tag","embeddable":true,"href":"https:\/\/www.europesays.com\/lv\/wp-json\/wp\/v2\/tags?post=165959"}],"curies":[{"name":"wp","href":"https:\/\/api.w.org\/{rel}","templated":true}]}}