{"id":16654,"date":"2025-10-09T08:21:07","date_gmt":"2025-10-09T08:21:07","guid":{"rendered":"https:\/\/www.europesays.com\/lv\/16654\/"},"modified":"2025-10-09T08:21:07","modified_gmt":"2025-10-09T08:21:07","slug":"tukuma-novada-iedzerusa-motociklista-izraisita-avarija-iet-boja-berns","status":"publish","type":"post","link":"https:\/\/www.europesays.com\/lv\/16654\/","title":{"rendered":"Tukuma novad\u0101 iedz\u0113ru\u0161a motociklista izrais\u012bt\u0101 av\u0101rij\u0101 iet boj\u0101 b\u0113rns"},"content":{"rendered":"<p>Ap plkst.19 Tukuma novada Sm\u0101rdes pagast\u0101 pa viet\u0113jas noz\u012bmes ce\u013cu k\u0101ds v\u012brietis vad\u012bja &#8220;Yamaha&#8221; markas motociklu, b\u016bdams 0,95 promi\u013cu liel\u0101 alkohola reibum\u0101, k\u0101 ar\u012b bez transportl\u012bdzek\u013ca vad\u012b\u0161anas ties\u012bb\u0101m. V\u012brietis netika gal\u0101 ar transportl\u012bdzek\u013ca vad\u012bbu, k\u0101 d\u0113\u013c apg\u0101z\u0101s.<\/p>\n<p>Negad\u012bjum\u0101 dz\u012bv\u012bbu zaud\u0113ja motocikla pasa\u017eieris &#8211; mazgad\u012bgs b\u0113rns. Fiziski cieta ar\u012b motocikla vad\u012bt\u0101js.<\/p>\n<p>Par notiku\u0161o VP ir s\u0101kts krimin\u0101lprocess, un tiek noskaidroti visi notiku\u0161\u0101 apst\u0101k\u013ci.<\/p>\n<p>Savuk\u0101rt k\u0101ds motociklists zaud\u0113jis dz\u012bv\u012bbu negad\u012bjum\u0101 Aizkraukles pus\u0113. Neilgi p\u0113c plkst.14.30 Aizkraukles novada Seces pagast\u0101, uz autoce\u013ca Aizkraukle-J\u0113kabpils k\u0101ds v\u012brietis, braucot ar &#8220;Suzuki&#8221; markas motociklu, nobrauca no ce\u013ca braucam\u0101s da\u013cas un apg\u0101z\u0101s.<\/p>\n<p>Ce\u013cu satiksmes negad\u012bjum\u0101 dz\u012bv\u012bbu zaud\u0113ja motocikla vad\u012bt\u0101js &#8211; 1963.gad\u0101 dzimis v\u012brietis.<\/p>\n<p>Ar\u012b \u0161aj\u0101 gad\u012bjum\u0101 VP ir s\u0101kts krimin\u0101lprocess un tiek noskaidroti notiku\u0161\u0101 apst\u0101k\u013ci.<\/p>\n<p>Vakar devi\u0146os no r\u012bta sa\u0146emts izsaukums uz Ludzas novada Cirmas pagastu, kur bija avar\u0113jusi viegl\u0101 automa\u0161\u012bna. Notikuma viet\u0101 konstat\u0113ts, ka automa\u0161\u012bna atrodas gr\u0101v\u012b un iek\u0161\u0101 ir divi cilv\u0113ki. Izmantojot hidrauliskos instrumentus, Valsts ugunsdz\u0113s\u012bbas un gl\u0101b\u0161anas dienesta gl\u0101b\u0113ji abus cilv\u0113kus atbr\u012bvoja un nodeva Neatliekam\u0101s medic\u012bnisk\u0101s pal\u012bdz\u012bbas dienesta medi\u0137u apr\u016bp\u0113. Ugunsdz\u0113s\u0113ji atvienoja akumulatoru klemmes, un pusdesmitos no r\u012bta darbi tika pabeigti, a\u0123ent\u016bru LETA inform\u0113ja dienest\u0101.<\/p>\n<p>Kopum\u0101 aizvad\u012btaj\u0101 diennakt\u012b Latvij\u0101 re\u0123istr\u0113ti 155 ce\u013cu satiksmes negad\u012bjumi, kuros cietu\u0161i 19 cilv\u0113ki, bet divi &#8211; g\u0101ju\u0161i boj\u0101.<\/p>\n<p>Par brauk\u0161anu dz\u0113rum\u0101 vakar sod\u012bti \u010detri cilv\u0113ki, un tr\u012bs no vi\u0146iem pie st\u016bres s\u0113d\u0101s \u013coti stipr\u0101 jeb vismaz 1,5 promi\u013cu reibum\u0101.<\/p>\n<p>Kopum\u0101 par da\u017e\u0101diem ce\u013cu satiksmes noteikumu p\u0101rk\u0101pumiem vakar noform\u0113ti 381 administrat\u012bv\u0101 p\u0101rk\u0101puma protokols, tostarp 156 par p\u0101r\u0101k \u0101tru brauk\u0161anu.<\/p>\n","protected":false},"excerpt":{"rendered":"Ap plkst.19 Tukuma novada Sm\u0101rdes pagast\u0101 pa viet\u0113jas noz\u012bmes ce\u013cu k\u0101ds v\u012brietis vad\u012bja &#8220;Yamaha&#8221; markas motociklu, b\u016bdams 0,95&hellip;\n","protected":false},"author":2,"featured_media":16655,"comment_status":"","ping_status":"","sticky":false,"template":"","format":"standard","meta":{"footnotes":""},"categories":[12],"tags":[23,2109,1465,2849,28,29,32,33,22,30,31,35,39,38,36,37,34,40,5647,20,26,27,24,25,21],"class_list":{"0":"post-16654","1":"post","2":"type-post","3":"status-publish","4":"format-standard","5":"has-post-thumbnail","7":"category-latvija","8":"tag-aktualitates","9":"tag-autoavarija","10":"tag-autoavarijas","11":"tag-avarija","12":"tag-breaking-news","13":"tag-breakingnews","14":"tag-featured-news","15":"tag-featurednews","16":"tag-headlines","17":"tag-latest-news","18":"tag-latestnews","19":"tag-latvia","20":"tag-latvian","21":"tag-latviesu","22":"tag-latviesu-valoda","23":"tag-latviesuvaloda","24":"tag-latvija","25":"tag-lv","26":"tag-motocikls","27":"tag-news","28":"tag-popularakas-zinas","29":"tag-popularakaszinas","30":"tag-top-stories","31":"tag-topstories","32":"tag-zinas"},"share_on_mastodon":{"url":"","error":""},"_links":{"self":[{"href":"https:\/\/www.europesays.com\/lv\/wp-json\/wp\/v2\/posts\/16654","targetHints":{"allow":["GET"]}}],"collection":[{"href":"https:\/\/www.europesays.com\/lv\/wp-json\/wp\/v2\/posts"}],"about":[{"href":"https:\/\/www.europesays.com\/lv\/wp-json\/wp\/v2\/types\/post"}],"author":[{"embeddable":true,"href":"https:\/\/www.europesays.com\/lv\/wp-json\/wp\/v2\/users\/2"}],"replies":[{"embeddable":true,"href":"https:\/\/www.europesays.com\/lv\/wp-json\/wp\/v2\/comments?post=16654"}],"version-history":[{"count":0,"href":"https:\/\/www.europesays.com\/lv\/wp-json\/wp\/v2\/posts\/16654\/revisions"}],"wp:featuredmedia":[{"embeddable":true,"href":"https:\/\/www.europesays.com\/lv\/wp-json\/wp\/v2\/media\/16655"}],"wp:attachment":[{"href":"https:\/\/www.europesays.com\/lv\/wp-json\/wp\/v2\/media?parent=16654"}],"wp:term":[{"taxonomy":"category","embeddable":true,"href":"https:\/\/www.europesays.com\/lv\/wp-json\/wp\/v2\/categories?post=16654"},{"taxonomy":"post_tag","embeddable":true,"href":"https:\/\/www.europesays.com\/lv\/wp-json\/wp\/v2\/tags?post=16654"}],"curies":[{"name":"wp","href":"https:\/\/api.w.org\/{rel}","templated":true}]}}