{"id":16712,"date":"2025-10-09T09:28:08","date_gmt":"2025-10-09T09:28:08","guid":{"rendered":"https:\/\/www.europesays.com\/lv\/16712\/"},"modified":"2025-10-09T09:28:08","modified_gmt":"2025-10-09T09:28:08","slug":"latvija-registreti-pirmie-gripas-slimnieki-sosezon","status":"publish","type":"post","link":"https:\/\/www.europesays.com\/lv\/16712\/","title":{"rendered":"Latvij\u0101 re\u0123istr\u0113ti pirmie gripas slimnieki \u0161osezon"},"content":{"rendered":"<p>Gripas monitoring\u0101 iesaist\u012btaj\u0101s ambulator\u0101s apr\u016bpes iest\u0101d\u0113s <a href=\"https:\/\/www.tvnet.lv\/term\/578401\/gripa\" class=\"topicLink\" target=\"_blank\" rel=\"nofollow noopener\">gripa<\/a> kl\u012bniski noteikta septi\u0146iem pacientiem, kas veido 9,9 gad\u012bjumus uz 100 000 iedz\u012bvot\u0101ju, kas ir maz\u0101k nek\u0101 iepriek\u0161\u0113j\u0101 sezon\u0101 attiec\u012bgaj\u0101 period\u0101.<\/p>\n<p>Pieci gripas gad\u012bjumi re\u0123istr\u0113ti R\u012bg\u0101, pa vienam &#8211; Jelgav\u0101 un Daugavpil\u012b.<\/p>\n<p>Tikm\u0113r Covid-19 v\u012brusa paraugu \u012bpatsvars aizvad\u012btaj\u0101 ned\u0113\u013c\u0101 nedaudz palielin\u0101jies &#8211; no 8,9% l\u012bdz 11,4%.<\/p>\n<p>Slimn\u012bc\u0101s stacion\u0113ti 36 jauni pacienti ar Covid-19 infekciju, un kop\u0101 \u0101rst\u0113ju\u0161ies 75 pacienti. Re\u0123istr\u0113ti ar\u012b desmit n\u0101ves gad\u012bjumi pacientiem ar apstiprin\u0101tu Covid-19 infekciju.<\/p>\n<p>Kop\u0113j\u0101 ak\u016btu elpce\u013cu infekciju izplat\u012bba Latvij\u0101 joproj\u0101m ir zema. Monitoring\u0101 44 \u0123imenes \u0101rstu praks\u0113s pacientu \u012bpatsvars ar ak\u016btu elpce\u013cu infekcijas simptomiem veidoja 18% no kop\u0113j\u0101 ambulatoraj\u0101s iest\u0101d\u0113s v\u0113rsu\u0161os pacientu skaita.<\/p>\n<p>Ar cit\u0101m elpce\u013cu infekcij\u0101m ned\u0113\u013cas laik\u0101 kop\u0101 v\u0113rsu\u0161ies 856 pacienti. Pneimoniju gad\u012bjum\u0101 ambulatoraj\u0101s iest\u0101d\u0113s ned\u0113\u013cas laik\u0101 v\u0113rsu\u0161ies 30 pacienti &#8211; aptuveni divreiz maz\u0101k nek\u0101 p\u0113rn, nor\u0101da SPKC.<\/p>\n<p>Desmit monitoringa slimn\u012bc\u0101s smagu ak\u016btu respiratoru infekciju gad\u012bjumos stacion\u0113ti 135 pacienti &#8211; 3,2% no kop\u0113j\u0101 stacion\u0113to pacientu skaita. Sal\u012bdzino\u0161i p\u0113rn \u0161aj\u0101 pa\u0161\u0101 laik\u0101 \u0161is r\u0101d\u012bt\u0101js bija 4,4%.<\/p>\n<p>Liel\u0101k\u0101 da\u013ca &#8211; 43% pacientu &#8211; bija vecum\u0101 no 65 gadiem un vec\u0101ki. Savuk\u0101rt vecuma grup\u0101 no 15 l\u012bdz 64 gadiem pacientu skaits sasniedza 33%.<\/p>\n","protected":false},"excerpt":{"rendered":"Gripas monitoring\u0101 iesaist\u012btaj\u0101s ambulator\u0101s apr\u016bpes iest\u0101d\u0113s gripa kl\u012bniski noteikta septi\u0146iem pacientiem, kas veido 9,9 gad\u012bjumus uz 100 000&hellip;\n","protected":false},"author":2,"featured_media":16713,"comment_status":"","ping_status":"","sticky":false,"template":"","format":"standard","meta":{"footnotes":""},"categories":[5],"tags":[23,28,29,32,33,5657,5659,5658,22,30,31,35,39,38,36,37,34,40,20,26,27,24,25,21],"class_list":{"0":"post-16712","1":"post","2":"type-post","3":"status-publish","4":"format-standard","5":"has-post-thumbnail","7":"category-aktualitates","8":"tag-aktualitates","9":"tag-breaking-news","10":"tag-breakingnews","11":"tag-featured-news","12":"tag-featurednews","13":"tag-gripa","14":"tag-gripa-un-saaukstesanas","15":"tag-gripas-laiks","16":"tag-headlines","17":"tag-latest-news","18":"tag-latestnews","19":"tag-latvia","20":"tag-latvian","21":"tag-latviesu","22":"tag-latviesu-valoda","23":"tag-latviesuvaloda","24":"tag-latvija","25":"tag-lv","26":"tag-news","27":"tag-popularakas-zinas","28":"tag-popularakaszinas","29":"tag-top-stories","30":"tag-topstories","31":"tag-zinas"},"share_on_mastodon":{"url":"","error":""},"_links":{"self":[{"href":"https:\/\/www.europesays.com\/lv\/wp-json\/wp\/v2\/posts\/16712","targetHints":{"allow":["GET"]}}],"collection":[{"href":"https:\/\/www.europesays.com\/lv\/wp-json\/wp\/v2\/posts"}],"about":[{"href":"https:\/\/www.europesays.com\/lv\/wp-json\/wp\/v2\/types\/post"}],"author":[{"embeddable":true,"href":"https:\/\/www.europesays.com\/lv\/wp-json\/wp\/v2\/users\/2"}],"replies":[{"embeddable":true,"href":"https:\/\/www.europesays.com\/lv\/wp-json\/wp\/v2\/comments?post=16712"}],"version-history":[{"count":0,"href":"https:\/\/www.europesays.com\/lv\/wp-json\/wp\/v2\/posts\/16712\/revisions"}],"wp:featuredmedia":[{"embeddable":true,"href":"https:\/\/www.europesays.com\/lv\/wp-json\/wp\/v2\/media\/16713"}],"wp:attachment":[{"href":"https:\/\/www.europesays.com\/lv\/wp-json\/wp\/v2\/media?parent=16712"}],"wp:term":[{"taxonomy":"category","embeddable":true,"href":"https:\/\/www.europesays.com\/lv\/wp-json\/wp\/v2\/categories?post=16712"},{"taxonomy":"post_tag","embeddable":true,"href":"https:\/\/www.europesays.com\/lv\/wp-json\/wp\/v2\/tags?post=16712"}],"curies":[{"name":"wp","href":"https:\/\/api.w.org\/{rel}","templated":true}]}}