{"id":16755,"date":"2025-10-09T10:18:08","date_gmt":"2025-10-09T10:18:08","guid":{"rendered":"https:\/\/www.europesays.com\/lv\/16755\/"},"modified":"2025-10-09T10:18:08","modified_gmt":"2025-10-09T10:18:08","slug":"saeima-nosoda-agresorvalstu-atgriesanu-paralimpiskaja-kustiba-stabilitatei-nepiekrit","status":"publish","type":"post","link":"https:\/\/www.europesays.com\/lv\/16755\/","title":{"rendered":"Saeima nosoda agresorvalstu atgrie\u0161anu paralimpiskaj\u0101 kust\u012bb\u0101. &#8220;Stabilit\u0101tei&#8221; nepiekr\u012bt"},"content":{"rendered":"<p>Pret nobalsoja vien deput\u0101ti no partijas &#8220;Stabilit\u0101tei&#8221;.<\/p>\n<p>L\u0113muma projekt\u0101 &#8220;Par Latvijas nost\u0101ju attiec\u012bb\u0101 uz Starptautisk\u0101s Paralimpisk\u0101s komitejas (IPC) l\u0113mumu atjaunot Krievijas un Baltkrievijas pilnties\u012bgas biedra ties\u012bbas&#8221; teikts, ka Latvijas parlaments pau\u017e stingru nosod\u012bjumu Krievijas un Baltkrievijas dal\u012bbas atjauno\u0161anai paralimpiskaj\u0101 kust\u012bb\u0101 un aicina IPC to p\u0101rskat\u012bt.<\/p>\n<p>Dokument\u0101 uzsv\u0113rts, ka Krievijas un Baltkrievijas atgrie\u0161ana paralimpiskaj\u0101 kust\u012bb\u0101 ir pretrun\u0101 ar Olimpisk\u0101s hartas pamatprincipiem un grauj sporta autonomijas un cilv\u0113kties\u012bbu iev\u0113ro\u0161anas principus.<\/p>\n<p>&#8220;Ar \u0161o l\u0113mumprojektu m\u0113s pau\u017eam skaidru Latvijas nost\u0101ju &#8211; agresorvalst\u012bm nav vietas starptautiskaj\u0101 sporta kust\u012bb\u0101, kam\u0113r turpin\u0101s kar\u0161 Ukrain\u0101. Sports, \u012bpa\u0161i \u0161aj\u0101s valst\u012bs, jau izsenis bijis cie\u0161i saist\u012bts ar milit\u0101raj\u0101m strukt\u016br\u0101m un bijis propagandas instruments. \u013boti iesp\u0113jams, ka tie sportisti, kas pl\u0101no p\u0101rst\u0101v\u0113t Krieviju un Baltkrieviju, ir karoju\u0161i un nogalin\u0101ju\u0161i cilv\u0113kus Ukrain\u0101. Paralimpiskajai kust\u012bbai ir j\u0101paliek cilv\u0113ka cie\u0146as un taisn\u012bguma simbolam, nevis j\u0101top par instrumentu kara le\u0123itimiz\u0113\u0161anai,&#8221; nor\u0101d\u012bjis frakcijas &#8220;Jaun\u0101 vienot\u012bba&#8221; Saeimas deput\u0101ts D\u0101vis M\u0101rti\u0146\u0161 Daugavietis.<\/p>\n<p>2025.gada 27.septembr\u012b IPC nol\u0113ma atcelt Krievijas un Baltkrievijas sportistu da\u013c\u0113ju diskvalifik\u0101ciju, kas bija sp\u0113k\u0101 p\u0113c Krievijas iebrukuma Ukrain\u0101 2022.gad\u0101. \u0160is IPC \u0122ener\u0101l\u0101s asamblejas l\u0113mums dos iesp\u0113ju Krievijas un Baltkrievijas sportistiem 2026.gada ziemas paralimpiskaj\u0101s sp\u0113l\u0113s sacensties zem savu valstu karogiem.<\/p>\n","protected":false},"excerpt":{"rendered":"Pret nobalsoja vien deput\u0101ti no partijas &#8220;Stabilit\u0101tei&#8221;. L\u0113muma projekt\u0101 &#8220;Par Latvijas nost\u0101ju attiec\u012bb\u0101 uz Starptautisk\u0101s Paralimpisk\u0101s komitejas (IPC)&hellip;\n","protected":false},"author":2,"featured_media":16756,"comment_status":"","ping_status":"","sticky":false,"template":"","format":"standard","meta":{"footnotes":""},"categories":[17],"tags":[35,39,38,36,37,34,40,2797,141,67],"class_list":{"0":"post-16755","1":"post","2":"type-post","3":"status-publish","4":"format-standard","5":"has-post-thumbnail","7":"category-sports","8":"tag-latvia","9":"tag-latvian","10":"tag-latviesu","11":"tag-latviesu-valoda","12":"tag-latviesuvaloda","13":"tag-latvija","14":"tag-lv","15":"tag-paralimpiskas-speles","16":"tag-saeima","17":"tag-sports"},"share_on_mastodon":{"url":"","error":""},"_links":{"self":[{"href":"https:\/\/www.europesays.com\/lv\/wp-json\/wp\/v2\/posts\/16755","targetHints":{"allow":["GET"]}}],"collection":[{"href":"https:\/\/www.europesays.com\/lv\/wp-json\/wp\/v2\/posts"}],"about":[{"href":"https:\/\/www.europesays.com\/lv\/wp-json\/wp\/v2\/types\/post"}],"author":[{"embeddable":true,"href":"https:\/\/www.europesays.com\/lv\/wp-json\/wp\/v2\/users\/2"}],"replies":[{"embeddable":true,"href":"https:\/\/www.europesays.com\/lv\/wp-json\/wp\/v2\/comments?post=16755"}],"version-history":[{"count":0,"href":"https:\/\/www.europesays.com\/lv\/wp-json\/wp\/v2\/posts\/16755\/revisions"}],"wp:featuredmedia":[{"embeddable":true,"href":"https:\/\/www.europesays.com\/lv\/wp-json\/wp\/v2\/media\/16756"}],"wp:attachment":[{"href":"https:\/\/www.europesays.com\/lv\/wp-json\/wp\/v2\/media?parent=16755"}],"wp:term":[{"taxonomy":"category","embeddable":true,"href":"https:\/\/www.europesays.com\/lv\/wp-json\/wp\/v2\/categories?post=16755"},{"taxonomy":"post_tag","embeddable":true,"href":"https:\/\/www.europesays.com\/lv\/wp-json\/wp\/v2\/tags?post=16755"}],"curies":[{"name":"wp","href":"https:\/\/api.w.org\/{rel}","templated":true}]}}