{"id":16776,"date":"2025-10-09T10:47:09","date_gmt":"2025-10-09T10:47:09","guid":{"rendered":"https:\/\/www.europesays.com\/lv\/16776\/"},"modified":"2025-10-09T10:47:09","modified_gmt":"2025-10-09T10:47:09","slug":"17-x-grupas-hameleoni-koncertprogramma-davana-ulbroka","status":"publish","type":"post","link":"https:\/\/www.europesays.com\/lv\/16776\/","title":{"rendered":"17.X Grupas &#8220;Hameleoni&#8221; koncertprogramma &#8220;D\u0101vana&#8221; Ulbrok\u0101"},"content":{"rendered":"<p>17.oktobr\u012b plkst.19.00 Kult\u016bras centr\u0101 &#8220;Ulbrokas p\u0113rle&#8221; ar jauno koncertprogrammu &#8220;D\u0101vana&#8221;, viesosies grupa &#8220;Hameleoni&#8221;. Koncerta apmekl\u0113t\u0101jiem b\u016bs iesp\u0113ja izbaud\u012bt iem\u012b\u013cot\u0101k\u0101s melodijas no &#8220;Hameleonu&#8221; zelta repertu\u0101ra, k\u0101 ar\u012b dzird\u0113t pavisam jaunus ska\u0146darbus no grupas nesen izdot\u0101 albuma &#8220;D\u0101vana&#8221;. Koncert\u0101 piedal\u012bsies ar\u012b viesm\u0101kslinieki \u2013 jaun\u0101 un daudzsolo\u0161\u0101 saksofoniste Annija Bri\u0161ka, d\u017eeza dzied\u0101t\u0101ja Laura Raila un &#8220;Misis Latvija 2022&#8221; Aija \u0160kut\u0101ne.<\/p>\n","protected":false},"excerpt":{"rendered":"17.oktobr\u012b plkst.19.00 Kult\u016bras centr\u0101 &#8220;Ulbrokas p\u0113rle&#8221; ar jauno koncertprogrammu &#8220;D\u0101vana&#8221;, viesosies grupa &#8220;Hameleoni&#8221;. Koncerta apmekl\u0113t\u0101jiem b\u016bs iesp\u0113ja izbaud\u012bt&hellip;\n","protected":false},"author":2,"featured_media":16777,"comment_status":"","ping_status":"","sticky":false,"template":"","format":"standard","meta":{"footnotes":""},"categories":[19],"tags":[47,89,90,381,64,35,39,38,36,37,34,40,385,172,382,384,383,21],"class_list":{"0":"post-16776","1":"post","2":"type-post","3":"status-publish","4":"format-standard","5":"has-post-thumbnail","7":"category-izklaide","8":"tag-ekonomika","9":"tag-entertainment","10":"tag-izklaide","11":"tag-jaunumi","12":"tag-kultura","13":"tag-latvia","14":"tag-latvian","15":"tag-latviesu","16":"tag-latviesu-valoda","17":"tag-latviesuvaloda","18":"tag-latvija","19":"tag-lv","20":"tag-pieriga","21":"tag-riga","22":"tag-sabiedriba","23":"tag-sludinajumi","24":"tag-sports-afisa","25":"tag-zinas"},"share_on_mastodon":{"url":"","error":""},"_links":{"self":[{"href":"https:\/\/www.europesays.com\/lv\/wp-json\/wp\/v2\/posts\/16776","targetHints":{"allow":["GET"]}}],"collection":[{"href":"https:\/\/www.europesays.com\/lv\/wp-json\/wp\/v2\/posts"}],"about":[{"href":"https:\/\/www.europesays.com\/lv\/wp-json\/wp\/v2\/types\/post"}],"author":[{"embeddable":true,"href":"https:\/\/www.europesays.com\/lv\/wp-json\/wp\/v2\/users\/2"}],"replies":[{"embeddable":true,"href":"https:\/\/www.europesays.com\/lv\/wp-json\/wp\/v2\/comments?post=16776"}],"version-history":[{"count":0,"href":"https:\/\/www.europesays.com\/lv\/wp-json\/wp\/v2\/posts\/16776\/revisions"}],"wp:featuredmedia":[{"embeddable":true,"href":"https:\/\/www.europesays.com\/lv\/wp-json\/wp\/v2\/media\/16777"}],"wp:attachment":[{"href":"https:\/\/www.europesays.com\/lv\/wp-json\/wp\/v2\/media?parent=16776"}],"wp:term":[{"taxonomy":"category","embeddable":true,"href":"https:\/\/www.europesays.com\/lv\/wp-json\/wp\/v2\/categories?post=16776"},{"taxonomy":"post_tag","embeddable":true,"href":"https:\/\/www.europesays.com\/lv\/wp-json\/wp\/v2\/tags?post=16776"}],"curies":[{"name":"wp","href":"https:\/\/api.w.org\/{rel}","templated":true}]}}