{"id":16788,"date":"2025-10-09T11:04:07","date_gmt":"2025-10-09T11:04:07","guid":{"rendered":"https:\/\/www.europesays.com\/lv\/16788\/"},"modified":"2025-10-09T11:04:07","modified_gmt":"2025-10-09T11:04:07","slug":"nato-apspriez-brunotu-atbildi-uz-krievijas-dronu-un-iznicinataju-iebrukumiem","status":"publish","type":"post","link":"https:\/\/www.europesays.com\/lv\/16788\/","title":{"rendered":"NATO apsprie\u017e bru\u0146otu atbildi uz Krievijas dronu un izn\u012bcin\u0101t\u0101ju iebrukumiem"},"content":{"rendered":"<p>Divi v\u0101rd\u0101 nemin\u0113ti <a href=\"https:\/\/www.tvnet.lv\/term\/9898\/nato\" class=\"topicLink\" target=\"_blank\" rel=\"nofollow noopener\">NATO<\/a> p\u0101rst\u0101vji nor\u0101d\u012bja, ka viens no steidzam\u0101kajiem uzdevumiem ir p\u0101rskat\u012bt noteikumus par uguns atkl\u0101\u0161anu. Da\u017eas valstis prasa, lai to izn\u012bcin\u0101t\u0101ju piloti vizu\u0101li apstiprin\u0101tu draudus pirms iesaist\u012b\u0161an\u0101s kauj\u0101, bet citas \u013cauj atkl\u0101t uguni, pamatojoties uz radara datiem vai draudu l\u012bme\u0146a nov\u0113rt\u0113jumu, \u0146emot v\u0113r\u0101 ienaidnieka objekta virzienu vai \u0101trumu. Kad septembr\u012b tr\u012bs Krievijas izn\u012bcin\u0101t\u0101ji 12 min\u016btes lidoja Igaunijas gaisa telp\u0101, it\u0101\u013cu piloti, kas tos sagaid\u012bja, secin\u0101ja, ka tie nerada t\u016bl\u012bt\u0113ju draudus. P\u0113c Polijas p\u0101rst\u0101vju teikt\u0101, no 19 Krievijas bezpilota lidapar\u0101tiem, kas iebruka valst\u012b, tika notriekti tikai tie, par kuriem nebija skaidrs, vai tie p\u0101rvad\u0101 iero\u010dus; p\u0101r\u0113jie tos nep\u0101rvad\u0101ja, un tos uzskat\u012bja par izl\u016bko\u0161anas lidapar\u0101tiem.<\/p>\n<p>Diskusiju par atbildi Putina \u012bstenot\u0101 hibr\u012bdkara papla\u0161in\u0101\u0161anai ar Francijas un Lielbrit\u0101nijas atbalstu ierosin\u0101ja valstis, kas robe\u017eojas ar Krieviju, p\u0113c tam tai pievienoj\u0101s citas valstis, raksta \u201cFinancial Times\u201d. K\u0101 nor\u0101da viena no NATO amatperson\u0101m, da\u017ei uzst\u0101j, ka j\u0101r\u012bkojas agres\u012bv\u0101k, lai pastiprin\u0101tu attur\u0113\u0161anas faktoru, bet citi iesaka iev\u0113rot konservat\u012bv\u0101ku pieeju.<\/p>\n","protected":false},"excerpt":{"rendered":"Divi v\u0101rd\u0101 nemin\u0113ti NATO p\u0101rst\u0101vji nor\u0101d\u012bja, ka viens no steidzam\u0101kajiem uzdevumiem ir p\u0101rskat\u012bt noteikumus par uguns atkl\u0101\u0161anu. Da\u017eas&hellip;\n","protected":false},"author":2,"featured_media":16789,"comment_status":"","ping_status":"","sticky":false,"template":"","format":"standard","meta":{"footnotes":""},"categories":[5],"tags":[23,625,28,29,32,33,22,1571,234,74,30,31,35,39,38,36,37,34,40,71,20,26,27,24,25,21],"class_list":{"0":"post-16788","1":"post","2":"type-post","3":"status-publish","4":"format-standard","5":"has-post-thumbnail","7":"category-aktualitates","8":"tag-aktualitates","9":"tag-austrumu-robeza","10":"tag-breaking-news","11":"tag-breakingnews","12":"tag-featured-news","13":"tag-featurednews","14":"tag-headlines","15":"tag-hibridkars","16":"tag-krievija","17":"tag-krievijas-iebrukums-ukraina","18":"tag-latest-news","19":"tag-latestnews","20":"tag-latvia","21":"tag-latvian","22":"tag-latviesu","23":"tag-latviesu-valoda","24":"tag-latviesuvaloda","25":"tag-latvija","26":"tag-lv","27":"tag-nato","28":"tag-news","29":"tag-popularakas-zinas","30":"tag-popularakaszinas","31":"tag-top-stories","32":"tag-topstories","33":"tag-zinas"},"share_on_mastodon":{"url":"","error":""},"_links":{"self":[{"href":"https:\/\/www.europesays.com\/lv\/wp-json\/wp\/v2\/posts\/16788","targetHints":{"allow":["GET"]}}],"collection":[{"href":"https:\/\/www.europesays.com\/lv\/wp-json\/wp\/v2\/posts"}],"about":[{"href":"https:\/\/www.europesays.com\/lv\/wp-json\/wp\/v2\/types\/post"}],"author":[{"embeddable":true,"href":"https:\/\/www.europesays.com\/lv\/wp-json\/wp\/v2\/users\/2"}],"replies":[{"embeddable":true,"href":"https:\/\/www.europesays.com\/lv\/wp-json\/wp\/v2\/comments?post=16788"}],"version-history":[{"count":0,"href":"https:\/\/www.europesays.com\/lv\/wp-json\/wp\/v2\/posts\/16788\/revisions"}],"wp:featuredmedia":[{"embeddable":true,"href":"https:\/\/www.europesays.com\/lv\/wp-json\/wp\/v2\/media\/16789"}],"wp:attachment":[{"href":"https:\/\/www.europesays.com\/lv\/wp-json\/wp\/v2\/media?parent=16788"}],"wp:term":[{"taxonomy":"category","embeddable":true,"href":"https:\/\/www.europesays.com\/lv\/wp-json\/wp\/v2\/categories?post=16788"},{"taxonomy":"post_tag","embeddable":true,"href":"https:\/\/www.europesays.com\/lv\/wp-json\/wp\/v2\/tags?post=16788"}],"curies":[{"name":"wp","href":"https:\/\/api.w.org\/{rel}","templated":true}]}}