{"id":16794,"date":"2025-10-09T11:08:09","date_gmt":"2025-10-09T11:08:09","guid":{"rendered":"https:\/\/www.europesays.com\/lv\/16794\/"},"modified":"2025-10-09T11:08:09","modified_gmt":"2025-10-09T11:08:09","slug":"eiropas-brunosanas-cina-pret-krievijas-agresiju-vai-zaudesim-eiropas-viedakie-prati-riga-spriez-nakotni","status":"publish","type":"post","link":"https:\/\/www.europesays.com\/lv\/16794\/","title":{"rendered":"Eiropas bru\u0146o\u0161an\u0101s c\u012b\u0146\u0101 pret Krievijas agresiju. Vai zaud\u0113sim? Eiropas vied\u0101kie pr\u0101ti R\u012bg\u0101 sprie\u017e n\u0101kotni"},"content":{"rendered":"<p>&#13;<br \/>\n&#13;<br \/>\nVai Eiropa sp\u0113s pretoties Krievijas agresijai un k\u0101da m\u0113roga satricin\u0101jumus m\u0113s visi izjut\u012bsim, ja Ukraina krit\u012bs kar\u0101 \u2013 ir&#13;<br \/>\nvien da\u017ei no tematiem, par ko \u0161odien R\u012bg\u0101 sprie\u017e Eiropas vado\u0161ie \u0101rpolitikas un dro\u0161\u012bbas eksperti. <\/p>\n<p>Ir s\u0101cies Zieme\u013ceirop\u0101&#13;<br \/>\nvado\u0161ais \u0101rpolitikas un dro\u0161\u012bbas forums \u201cR\u012bgas konference 2025\u201d. Diskusijas sola atkl\u0101t ne tikai milit\u0101r\u0101s strat\u0113\u0123ijas,&#13;<br \/>\nbet ar\u012b ekonomiskos un tehnolo\u0123iskos risin\u0101jumus, kas var main\u012bt sp\u0113ku l\u012bdzsvaru Eirop\u0101. <\/p>\n<p>360 Zi\u0146as un port\u0101ls 1188 ir \u201cR\u012bgas Konferences 2025\u201d informat\u012bvais atbalst\u012bt\u0101js un pied\u0101v\u0101jam video tie\u0161raidi. <\/p>\n<p>Miers caur sp\u0113ku: vienot\u012bba un sagatavot\u012bba <\/p>\n<p>Eksperti uzsver, ka ilgsto\u0161s miers iesp\u0113jams tikai, demonstr\u0113jot Krievijai, ka t\u0101 nevar uzvar\u0113t. NATO dal\u012bbvalst\u012bm ir j\u0101stiprina&#13;<br \/>\npolitisk\u0101, ekonomisk\u0101 un milit\u0101r\u0101 kapacit\u0101te, k\u0101 ar\u012b j\u0101p\u0101rv\u0113rt\u0113 sankciju efektivit\u0101te. Galven\u0101 ideja \u2013 vienota un sp\u0113c\u012bga Eiropa ir&#13;<br \/>\nvien\u012bgais veids, k\u0101 nodro\u0161in\u0101t dro\u0161\u012bbu un attur\u0113t agresoru.<\/p>\n<p>Eiropas aizsardz\u012bbas industrija: maz\u0101s valstis var sp\u0113l\u0113t lielu lomu <\/p>\n<p>Diskusijas par aizsardz\u012bbas industriju apl\u016bko Eiropas Savien\u012bbas r\u012bkus, kas veicina invest\u012bcijas, inov\u0101cijas un kop\u012bgas milit\u0101r\u0101s&#13;<br \/>\niepirk\u0161anas iesp\u0113jas. Maz\u0101k\u0101s valstis saskaras ar resursu ierobe\u017eojumiem, ta\u010du pareiza strat\u0113\u0123ija un pieejamo instrumentu&#13;<br \/>\nizmanto\u0161ana \u013cauj t\u0101m k\u013c\u016bt par noz\u012bm\u012bgiem sp\u0113l\u0113t\u0101jiem Eiropas dro\u0161\u012bb\u0101. <\/p>\n<p>Ukraina: izdz\u012bvo\u0161ana un ilgtermi\u0146a atbalsts <\/p>\n<p>Konferences dal\u012bbnieki analiz\u0113 Ukrainas sp\u0113ju uztur\u0113t valsts funkcion\u0113\u0161anu kara apst\u0101k\u013cos \u2013 ener\u0123ijas, medic\u012bnas, lo\u0123istikas&#13;<br \/>\nun finansu nodro\u0161in\u0101jumu. <\/p>\n<p>M\u0101ksla un kult\u016bra kara laik\u0101 <\/p>\n<p>Papildus milit\u0101rajiem un politiskajiem aspektiem eksperti apl\u016bko ar\u012b m\u0101kslas un kult\u016bras noz\u012bmi kara apst\u0101k\u013cos. Rado\u0161\u0101&#13;<br \/>\nizpausme k\u013c\u016bst par veidu, k\u0101 dokument\u0113t realit\u0101ti, izaicin\u0101t propagandu un stiprin\u0101t starptautisko solidarit\u0101ti, vienlaikus&#13;<br \/>\nsaglab\u0101jot sabiedr\u012bbas identit\u0101ti un cer\u012bbu uz mieru. <\/p>\n<p>\u201cR\u012bgas Konferences 2025\u201d programma 9.oktobr\u012b, lai vari sekot tai l\u012bdzi tie\u0161raid\u0113 <\/p>\n<p>13:30 \u2013 14:00 <br \/>Konferences atkl\u0101\u0161ana<br \/>Uzrunas:<\/p>\n<ul>\n<li>J\u0101nis Karlsbergs, Latvijas Transatlantisk\u0101s organiz\u0101cijas valdes priek\u0161s\u0113d\u0113t\u0101js<\/li>\n<li>Evika Sili\u0146a, Latvijas Ministru prezidente <\/li>\n<li>Prof. Gundars B\u0113rzi\u0146\u0161, Latvijas Universit\u0101tes rektors <\/li>\n<\/ul>\n<p>14:00 \u2013 15:20<br \/>\n<br \/>Diskusija: NATO un Eiropas kapacit\u0101tes stiprin\u0101\u0161ana<br \/>\n<br \/>Run\u0101t\u0101ji:<\/p>\n<ul>\n<li>Baiba Bra\u017ee, Latvijas \u0101rlietu ministre<\/li>\n<li>Matthew G. Whitaker, ASV past\u0101v\u012bgais p\u0101rst\u0101vis NATO<\/li>\n<li>Rob Bauer, NATO Milit\u0101r\u0101s komitejas priek\u0161s\u0113d\u0113t\u0101js<\/li>\n<li>Jack Watling, p\u0113tnieks Royal United Services Institute <\/li>\n<\/ul>\n<p>Moderators: Edward Luce, Financial Times <\/p>\n<p>15:40 \u2013 17:00&#13;<br \/>\n<br \/>Pane\u013cdiskusija: Strat\u0113\u0123iskas invest\u012bcijas Eiropas aizsardz\u012bbas industrij\u0101&#13;<br \/>\n<br \/>Run\u0101t\u0101ji:<\/p>\n<ul>\n<li>Andrius Kubilius, Eiropas Komisijas komis\u0101rs aizsardz\u012bbas un kosmosa jaut\u0101jumos<\/li>\n<li>Karl Nehammer, Eiropas Invest\u012bciju bankas viceprezidents <\/li>\n<\/ul>\n<p>17:30 \u2013 18:50<br \/>Diskusija: Ukrainas atbalsts \u2013 pl\u0101ni, resursi un griba<br \/>Run\u0101t\u0101ji:<\/p>\n<ul>\n<li>Matti Maasikas, Eiropas \u0100r\u0113jo darb\u012bbu dienesta direktors<\/li>\n<li>Colin Smith, p\u0113tnieks, RAND<\/li>\n<li>John Swords, NATO Juridiskais padomnieks <\/li>\n<\/ul>\n<p>18:50 \u2013 19:10 <br \/>Speci\u0101la saruna: M\u0101ksla un kult\u016bra kara laik\u0101<br \/>\n<br \/>Run\u0101t\u0101ji:<\/p>\n<ul>\n<li>Andrii Dostliev, neatkar\u012bgs vizu\u0101lais m\u0101kslinieks (Ukraina\/Polija)<\/li>\n<li>Dr. Gunda Reire, Prezidenta kancelejas vad\u012bt\u0101ja un Starptautisko p\u0113t\u012bjumu centra direktore<\/li>\n<\/ul>\n","protected":false},"excerpt":{"rendered":"&#13; &#13; Vai Eiropa sp\u0113s pretoties Krievijas agresijai un k\u0101da m\u0113roga satricin\u0101jumus m\u0113s visi izjut\u012bsim, ja Ukraina krit\u012bs&hellip;\n","protected":false},"author":2,"featured_media":16795,"comment_status":"","ping_status":"","sticky":false,"template":"","format":"standard","meta":{"footnotes":""},"categories":[14],"tags":[129,5669,1304,23,57,28,29,32,33,22,30,31,35,39,38,36,37,34,40,20,26,27,1305,5670,1306,5671,24,25,54,55,56,21,58],"class_list":{"0":"post-16794","1":"post","2":"type-post","3":"status-publish","4":"format-standard","5":"has-post-thumbnail","7":"category-zinas-no-arvalstim","8":"tag-__typenameadvicekeyword","9":"tag-id924","10":"tag-id970","11":"tag-aktualitates","12":"tag-arvalstim","13":"tag-breaking-news","14":"tag-breakingnews","15":"tag-featured-news","16":"tag-featurednews","17":"tag-headlines","18":"tag-latest-news","19":"tag-latestnews","20":"tag-latvia","21":"tag-latvian","22":"tag-latviesu","23":"tag-latviesu-valoda","24":"tag-latviesuvaloda","25":"tag-latvija","26":"tag-lv","27":"tag-news","28":"tag-popularakas-zinas","29":"tag-popularakaszinas","30":"tag-slug360-zinas","31":"tag-slugtiesraide","32":"tag-title360-zinas","33":"tag-titletiesraide","34":"tag-top-stories","35":"tag-topstories","36":"tag-world","37":"tag-world-news","38":"tag-worldnews","39":"tag-zinas","40":"tag-zinas-no-arvalstim"},"share_on_mastodon":{"url":"","error":""},"_links":{"self":[{"href":"https:\/\/www.europesays.com\/lv\/wp-json\/wp\/v2\/posts\/16794","targetHints":{"allow":["GET"]}}],"collection":[{"href":"https:\/\/www.europesays.com\/lv\/wp-json\/wp\/v2\/posts"}],"about":[{"href":"https:\/\/www.europesays.com\/lv\/wp-json\/wp\/v2\/types\/post"}],"author":[{"embeddable":true,"href":"https:\/\/www.europesays.com\/lv\/wp-json\/wp\/v2\/users\/2"}],"replies":[{"embeddable":true,"href":"https:\/\/www.europesays.com\/lv\/wp-json\/wp\/v2\/comments?post=16794"}],"version-history":[{"count":0,"href":"https:\/\/www.europesays.com\/lv\/wp-json\/wp\/v2\/posts\/16794\/revisions"}],"wp:featuredmedia":[{"embeddable":true,"href":"https:\/\/www.europesays.com\/lv\/wp-json\/wp\/v2\/media\/16795"}],"wp:attachment":[{"href":"https:\/\/www.europesays.com\/lv\/wp-json\/wp\/v2\/media?parent=16794"}],"wp:term":[{"taxonomy":"category","embeddable":true,"href":"https:\/\/www.europesays.com\/lv\/wp-json\/wp\/v2\/categories?post=16794"},{"taxonomy":"post_tag","embeddable":true,"href":"https:\/\/www.europesays.com\/lv\/wp-json\/wp\/v2\/tags?post=16794"}],"curies":[{"name":"wp","href":"https:\/\/api.w.org\/{rel}","templated":true}]}}