{"id":16798,"date":"2025-10-09T11:12:07","date_gmt":"2025-10-09T11:12:07","guid":{"rendered":"https:\/\/www.europesays.com\/lv\/16798\/"},"modified":"2025-10-09T11:12:07","modified_gmt":"2025-10-09T11:12:07","slug":"lightning-treneris-pesimistiski-izsakas-par-girgensona-traumu","status":"publish","type":"post","link":"https:\/\/www.europesays.com\/lv\/16798\/","title":{"rendered":"&#8220;Lightning&#8221; treneris pesimistiski izsak\u0101s par Girgensona traumu"},"content":{"rendered":"<p>Jau zi\u0146ots, ka 31 gadu vecais Girgensons, kur\u0161 &#8220;Lightning&#8221; rind\u0101s aizvad\u012bs savu otro sezonu, sast\u0101v\u0101 iek\u013cauts k\u0101 savainotais rezervists.<\/p>\n<p>Girgensons traumu guva p\u0113d\u0113j\u0101 <a href=\"https:\/\/sports.tvnet.lv\/term\/10077\/nhl\" class=\"topicLink\" target=\"_blank\" rel=\"nofollow noopener\">NHL<\/a> pirmssezonas p\u0101rbaudes sp\u0113l\u0113 pret Floridas &#8220;Panthers&#8221;.<\/p>\n<p>&#8220;Es negrasos k\u013c\u016bd\u012bties, sakot, ka vi\u0146\u0161 dr\u012bz atgriez\u012bsies,&#8221; nor\u0101d\u012bjis &#8220;Lightning&#8221; galvenais treneris.<\/p>\n<p>Tiek zi\u0146ots, ka Girgensona vesel\u012bbas st\u0101voklis tiks izv\u0113rt\u0113ts ik ned\u0113\u013cu (&#8220;week to week &#8220;).<\/p>\n<p>&#8220;Iesp\u0113jams, tas ir pusl\u012bdz dro\u0161s nov\u0113rt\u0113jums par to, k\u0101d\u0101 st\u0101vokl\u012b vi\u0146\u0161 atrodas \u0161obr\u012bd,&#8221; piebilda K\u016bpers.<\/p>\n<p>&#8220;Lightning&#8221; sezonas pirmo sp\u0113li aizvad\u012bs nakt\u012b uz piektdienu, 10. oktobri (plkst. 2.00 p\u0113c Latvijas laika) sav\u0101 laukum\u0101 pret Otavas &#8220;Senators&#8221;.<\/p>\n<p>Iepriek\u0161\u0113j\u0101 sezon\u0101 12 gadus <a target=\"_blank\" rel=\"noopener noreferrer nofollow\" href=\"https:\/\/sports.tvnet.lv\/term\/10077\/nhl\">NHL<\/a> aizvad\u012bju\u0161ais Girgensons pirmo reizi karjer\u0101 sp\u0113l\u0113ja Stenlija kausa izc\u012b\u0146\u0101, piecos ma\u010dos pie punktiem netiekot.<\/p>\n<p>Savuk\u0101rt regul\u0101raj\u0101 \u010dempion\u0101t\u0101 vi\u0146\u0161 piedal\u012bj\u0101s vis\u0101s 82 sp\u0113l\u0113s, tiekot pie se\u0161iem (2+4) punktiem. T\u0101 vi\u0146am mazrezultat\u012bv\u0101k\u0101 NHL sezona karjer\u0101.<\/p>\n<p>Pirms tam latvietis 11 sezonas p\u0101rst\u0101v\u0113ja NHL komandu Bufalo &#8220;Sabres&#8221;.<\/p>\n","protected":false},"excerpt":{"rendered":"Jau zi\u0146ots, ka 31 gadu vecais Girgensons, kur\u0161 &#8220;Lightning&#8221; rind\u0101s aizvad\u012bs savu otro sezonu, sast\u0101v\u0101 iek\u013cauts k\u0101 savainotais&hellip;\n","protected":false},"author":2,"featured_media":16799,"comment_status":"","ping_status":"","sticky":false,"template":"","format":"standard","meta":{"footnotes":""},"categories":[17],"tags":[836,838,394,721,35,39,38,36,37,34,40,835,67,1903,1906],"class_list":{"0":"post-16798","1":"post","2":"type-post","3":"status-publish","4":"format-standard","5":"has-post-thumbnail","7":"category-sports","8":"tag-hokeja-jaunumi","9":"tag-hokejisti-arzemes","10":"tag-hokejs","11":"tag-hokejs-pasaule","12":"tag-latvia","13":"tag-latvian","14":"tag-latviesu","15":"tag-latviesu-valoda","16":"tag-latviesuvaloda","17":"tag-latvija","18":"tag-lv","19":"tag-nhl","20":"tag-sports","21":"tag-tampabejas-lightning","22":"tag-zemgus-girgensons"},"share_on_mastodon":{"url":"","error":""},"_links":{"self":[{"href":"https:\/\/www.europesays.com\/lv\/wp-json\/wp\/v2\/posts\/16798","targetHints":{"allow":["GET"]}}],"collection":[{"href":"https:\/\/www.europesays.com\/lv\/wp-json\/wp\/v2\/posts"}],"about":[{"href":"https:\/\/www.europesays.com\/lv\/wp-json\/wp\/v2\/types\/post"}],"author":[{"embeddable":true,"href":"https:\/\/www.europesays.com\/lv\/wp-json\/wp\/v2\/users\/2"}],"replies":[{"embeddable":true,"href":"https:\/\/www.europesays.com\/lv\/wp-json\/wp\/v2\/comments?post=16798"}],"version-history":[{"count":0,"href":"https:\/\/www.europesays.com\/lv\/wp-json\/wp\/v2\/posts\/16798\/revisions"}],"wp:featuredmedia":[{"embeddable":true,"href":"https:\/\/www.europesays.com\/lv\/wp-json\/wp\/v2\/media\/16799"}],"wp:attachment":[{"href":"https:\/\/www.europesays.com\/lv\/wp-json\/wp\/v2\/media?parent=16798"}],"wp:term":[{"taxonomy":"category","embeddable":true,"href":"https:\/\/www.europesays.com\/lv\/wp-json\/wp\/v2\/categories?post=16798"},{"taxonomy":"post_tag","embeddable":true,"href":"https:\/\/www.europesays.com\/lv\/wp-json\/wp\/v2\/tags?post=16798"}],"curies":[{"name":"wp","href":"https:\/\/api.w.org\/{rel}","templated":true}]}}