{"id":16823,"date":"2025-10-09T11:30:07","date_gmt":"2025-10-09T11:30:07","guid":{"rendered":"https:\/\/www.europesays.com\/lv\/16823\/"},"modified":"2025-10-09T11:30:07","modified_gmt":"2025-10-09T11:30:07","slug":"handbola-zvaigzne-kristopans-atgriezas-latvijas-izlase","status":"publish","type":"post","link":"https:\/\/www.europesays.com\/lv\/16823\/","title":{"rendered":"Handbola zvaigzne Kri\u0161top\u0101ns atgrie\u017eas Latvijas izlas\u0113"},"content":{"rendered":"<p>13 kandid\u0101ti ir \u0101rzemju klubos sp\u0113l\u0113jo\u0161ie latvie\u0161i, tostarp izlases galven\u0101 trenera d\u0113li, br\u0101\u013ci J\u0101nis P\u0101vels un Leonards Valkovski (\u201cHSC 2000 Coburg\u201d, V\u0101cijas 2. Bundesl\u012bga), Marks Lilienfelds (\u201cHSC 2000 Coburg\u201d, V\u0101cijas jaunatnes l\u012bga), Ralfs Geislers (\u201cTSG A-H Bielefeld\u201d, V\u0101cijas 3. l\u012bga), Jevge\u0146ijs Rogonovs un Andis Bors (abi \u201cVilla de Aranda\u201d, Sp\u0101nijas augst\u0101k\u0101 l\u012bga), Endijs \u0160nepsts (\u201cHC ROBE Zubri\u201d, \u010cehijas augst\u0101k\u0101 l\u012bga), Art\u016brs Meik\u0161\u0101ns (\u201cPolva Serviti\u201d, Igaunijas augst\u0101k\u0101 l\u012bga), Endijs Ku\u0161ners un v\u0101rtsargs Art\u016brs Ku\u0123is (abi \u201cHordur\u201d, Islandes 2. l\u012bga), v\u0101rtsargs Niks Lagzda (\u201cCS Chenois Geneve\u201d, \u0160veices 2. l\u012bga), Rauls Erlends Serafimovi\u010ds (\u201cTV Steffisburg\u201d, \u0160veices 2. l\u012bga) un Roberts Ranc\u0101ns (\u201cAI Ahli\u201d, Kataras augst\u0101k\u0101 l\u012bga).<\/p>\n<p>Latvijas izlases pirmais sabraukums Valkovska vad\u012bb\u0101 notiks no 27. l\u012bdz 31. oktobrim Dobel\u0113. Treni\u0146nometnes galvenais m\u0113r\u0137is b\u016bs komandas salied\u0113\u0161ana jauno treneru vad\u012bb\u0101 un sp\u0113les kvalit\u0101tes nostiprin\u0101\u0161ana pirms gaid\u0101maj\u0101m ofici\u0101laj\u0101m sp\u0113l\u0113m.<\/p>\n<p>No pla\u0161\u0101 kandid\u0101tu loka l\u012bdz oktobra beig\u0101m tiks izraudz\u012bti 20 sp\u0113l\u0113t\u0101ji, kuri piedal\u012bsies treni\u0146nometn\u0113 Dobel\u0113.<\/p>\n<p>&#8220;Uz doto br\u012bdi esam izstr\u0101d\u0101ju\u0161i papla\u0161in\u0101to kandid\u0101tu sarakstu. T\u0101 k\u0101 \u0161obr\u012bd handbola sezona rit piln\u0101 spar\u0101, iesp\u0113jamas ar\u012b izmai\u0146as. Jebkur\u0101 br\u012bd\u012b sp\u0113l\u0113t\u0101ji, kuri s\u0101kotn\u0113ji netiks nomin\u0113ti pirmajam sabraukumam, var tikt iek\u013cauti sast\u0101v\u0101 no papla\u0161in\u0101t\u0101 saraksta,&#8221; piebilst Valkovskis.<\/p>\n<p>Pirmais nopietnais p\u0101rbaud\u012bjums Latvijas v\u012brie\u0161u izlasei jaun\u0101 treneru korpusa vad\u012bb\u0101 b\u016bs novembr\u012b gaid\u0101m\u0101s 2027. gada pasaules \u010dempion\u0101ta priek\u0161kvalifik\u0101cijas sp\u0113les pret Luksemburgu. Abas sp\u0113les Latvijas izlase aizvad\u012bs izbraukum\u0101 &#8211; 1. un 2. novembr\u012b.<\/p>\n<p>Izlases jaunais treneru korpuss cer uz sekm\u012bgu startu un s\u0101kumu, ce\u013c\u0101 uz lielo handbola skatuvi.<\/p>\n","protected":false},"excerpt":{"rendered":"13 kandid\u0101ti ir \u0101rzemju klubos sp\u0113l\u0113jo\u0161ie latvie\u0161i, tostarp izlases galven\u0101 trenera d\u0113li, br\u0101\u013ci J\u0101nis P\u0101vels un Leonards Valkovski&hellip;\n","protected":false},"author":2,"featured_media":16824,"comment_status":"","ping_status":"","sticky":false,"template":"","format":"standard","meta":{"footnotes":""},"categories":[17],"tags":[1370,1615,35,39,38,36,37,34,5673,40,5674,67],"class_list":{"0":"post-16823","1":"post","2":"type-post","3":"status-publish","4":"format-standard","5":"has-post-thumbnail","7":"category-sports","8":"tag-dainis-kristopans","9":"tag-handbols","10":"tag-latvia","11":"tag-latvian","12":"tag-latviesu","13":"tag-latviesu-valoda","14":"tag-latviesuvaloda","15":"tag-latvija","16":"tag-latvijas-handbola-izlase","17":"tag-lv","18":"tag-rokasbumba","19":"tag-sports"},"share_on_mastodon":{"url":"","error":""},"_links":{"self":[{"href":"https:\/\/www.europesays.com\/lv\/wp-json\/wp\/v2\/posts\/16823","targetHints":{"allow":["GET"]}}],"collection":[{"href":"https:\/\/www.europesays.com\/lv\/wp-json\/wp\/v2\/posts"}],"about":[{"href":"https:\/\/www.europesays.com\/lv\/wp-json\/wp\/v2\/types\/post"}],"author":[{"embeddable":true,"href":"https:\/\/www.europesays.com\/lv\/wp-json\/wp\/v2\/users\/2"}],"replies":[{"embeddable":true,"href":"https:\/\/www.europesays.com\/lv\/wp-json\/wp\/v2\/comments?post=16823"}],"version-history":[{"count":0,"href":"https:\/\/www.europesays.com\/lv\/wp-json\/wp\/v2\/posts\/16823\/revisions"}],"wp:featuredmedia":[{"embeddable":true,"href":"https:\/\/www.europesays.com\/lv\/wp-json\/wp\/v2\/media\/16824"}],"wp:attachment":[{"href":"https:\/\/www.europesays.com\/lv\/wp-json\/wp\/v2\/media?parent=16823"}],"wp:term":[{"taxonomy":"category","embeddable":true,"href":"https:\/\/www.europesays.com\/lv\/wp-json\/wp\/v2\/categories?post=16823"},{"taxonomy":"post_tag","embeddable":true,"href":"https:\/\/www.europesays.com\/lv\/wp-json\/wp\/v2\/tags?post=16823"}],"curies":[{"name":"wp","href":"https:\/\/api.w.org\/{rel}","templated":true}]}}