{"id":16825,"date":"2025-10-09T11:32:08","date_gmt":"2025-10-09T11:32:08","guid":{"rendered":"https:\/\/www.europesays.com\/lv\/16825\/"},"modified":"2025-10-09T11:32:08","modified_gmt":"2025-10-09T11:32:08","slug":"krievija-ar-triecieniem-energetikas-objektiem-velas-radit-haosu-ukraina-uzskata-zelenskis","status":"publish","type":"post","link":"https:\/\/www.europesays.com\/lv\/16825\/","title":{"rendered":"Krievija ar triecieniem ener\u0123\u0113tikas objektiem v\u0113las rad\u012bt haosu Ukrain\u0101, uzskata Zelenskis"},"content":{"rendered":"<p>Krievija p\u0113d\u0113j\u0101s ned\u0113\u013c\u0101s ir pastiprin\u0101jusi gaisa triecienus Ukrainas ener\u0123\u0113tikas infrastrukt\u016brai un dzelzce\u013ca sist\u0113mai. L\u012bdz\u012bgi Maskava r\u012bkoj\u0101s ar\u012b iepriek\u0161\u0113jos gados, tuvojoties ziemas sezonai.<\/p>\n<p>Zelenskis nor\u0101d\u012bja, ka Krievijas uzbrukumi jau rad\u012bju\u0161i smagu spiedienu uz Ukrainas g\u0101zes infrastrukt\u016bru, un br\u012bdin\u0101ja, ka, spiedienam pieaugot, Ukrainai var\u0113tu n\u0101kties palielin\u0101t g\u0101zes importu.<\/p>\n<p>Ar\u012b <a href=\"https:\/\/www.tvnet.lv\/term\/8497\/ukraina\" class=\"topicLink\" target=\"_blank\" rel=\"nofollow noopener\">Ukraina<\/a> p\u0113d\u0113j\u0101 laik\u0101 ir pastiprin\u0101jusi dronu un ra\u0137e\u0161u triecienus Krievijas teritorij\u0101, un Zelenskis pazi\u0146oja, ka \u0161\u012b kampa\u0146a nes rezult\u0101tus un ir ar\u012b palielin\u0101jusi degvielas cenas Krievij\u0101. &#8220;M\u0113s uzskat\u0101m, ka m\u016bsu uzbrukumu rezult\u0101t\u0101 vi\u0146i ir zaud\u0113ju\u0161i l\u012bdz pat 20% degvielas pieg\u0101\u017eu,&#8221; pazi\u0146oja prezidents, piebilstot, ka ir pier\u0101d\u012bjumi, ka Krievija ir palielin\u0101jusi importu no \u0136\u012bnas un Baltkrievijas.<\/p>\n<p>Nesen Ukraina deva triecienu ar\u012b elektrostacijai Krievijas pierobe\u017eas re\u0123ion\u0101 Belgorod\u0101, izraisot elektroener\u0123ijas padeves p\u0101rtraukumus.<\/p>\n","protected":false},"excerpt":{"rendered":"Krievija p\u0113d\u0113j\u0101s ned\u0113\u013c\u0101s ir pastiprin\u0101jusi gaisa triecienus Ukrainas ener\u0123\u0113tikas infrastrukt\u016brai un dzelzce\u013ca sist\u0113mai. L\u012bdz\u012bgi Maskava r\u012bkoj\u0101s ar\u012b iepriek\u0161\u0113jos&hellip;\n","protected":false},"author":2,"featured_media":16826,"comment_status":"","ping_status":"","sticky":false,"template":"","format":"standard","meta":{"footnotes":""},"categories":[14],"tags":[23,57,28,29,781,32,33,22,74,30,31,35,39,38,36,37,34,40,20,26,27,24,25,276,178,54,55,56,21,58],"class_list":{"0":"post-16825","1":"post","2":"type-post","3":"status-publish","4":"format-standard","5":"has-post-thumbnail","7":"category-zinas-no-arvalstim","8":"tag-aktualitates","9":"tag-arvalstim","10":"tag-breaking-news","11":"tag-breakingnews","12":"tag-energetika","13":"tag-featured-news","14":"tag-featurednews","15":"tag-headlines","16":"tag-krievijas-iebrukums-ukraina","17":"tag-latest-news","18":"tag-latestnews","19":"tag-latvia","20":"tag-latvian","21":"tag-latviesu","22":"tag-latviesu-valoda","23":"tag-latviesuvaloda","24":"tag-latvija","25":"tag-lv","26":"tag-news","27":"tag-popularakas-zinas","28":"tag-popularakaszinas","29":"tag-top-stories","30":"tag-topstories","31":"tag-ukraina","32":"tag-volodimirs-zelenskis","33":"tag-world","34":"tag-world-news","35":"tag-worldnews","36":"tag-zinas","37":"tag-zinas-no-arvalstim"},"share_on_mastodon":{"url":"","error":""},"_links":{"self":[{"href":"https:\/\/www.europesays.com\/lv\/wp-json\/wp\/v2\/posts\/16825","targetHints":{"allow":["GET"]}}],"collection":[{"href":"https:\/\/www.europesays.com\/lv\/wp-json\/wp\/v2\/posts"}],"about":[{"href":"https:\/\/www.europesays.com\/lv\/wp-json\/wp\/v2\/types\/post"}],"author":[{"embeddable":true,"href":"https:\/\/www.europesays.com\/lv\/wp-json\/wp\/v2\/users\/2"}],"replies":[{"embeddable":true,"href":"https:\/\/www.europesays.com\/lv\/wp-json\/wp\/v2\/comments?post=16825"}],"version-history":[{"count":0,"href":"https:\/\/www.europesays.com\/lv\/wp-json\/wp\/v2\/posts\/16825\/revisions"}],"wp:featuredmedia":[{"embeddable":true,"href":"https:\/\/www.europesays.com\/lv\/wp-json\/wp\/v2\/media\/16826"}],"wp:attachment":[{"href":"https:\/\/www.europesays.com\/lv\/wp-json\/wp\/v2\/media?parent=16825"}],"wp:term":[{"taxonomy":"category","embeddable":true,"href":"https:\/\/www.europesays.com\/lv\/wp-json\/wp\/v2\/categories?post=16825"},{"taxonomy":"post_tag","embeddable":true,"href":"https:\/\/www.europesays.com\/lv\/wp-json\/wp\/v2\/tags?post=16825"}],"curies":[{"name":"wp","href":"https:\/\/api.w.org\/{rel}","templated":true}]}}