{"id":16829,"date":"2025-10-09T11:38:09","date_gmt":"2025-10-09T11:38:09","guid":{"rendered":"https:\/\/www.europesays.com\/lv\/16829\/"},"modified":"2025-10-09T11:38:09","modified_gmt":"2025-10-09T11:38:09","slug":"leiena-iztur-ep-divus-uzticibas-balsojumus","status":"publish","type":"post","link":"https:\/\/www.europesays.com\/lv\/16829\/","title":{"rendered":"Leiena iztur EP divus uztic\u012bbas balsojumus"},"content":{"rendered":"<p>Eiropas Komisijas (EK) prezidente Urzula fon der Leiena un vi\u0146as vad\u012bt\u0101 EK komanda ceturtdien ar p\u0101rliecino\u0161u balsu vair\u0101kumu iztur\u0113jusi divus uztic\u012bbas balsojumus Eiropas Parlament\u0101 (EP).<\/p>\n<p>Balsojumus bija ierosin\u0101jusi Eiropas Parlamenta gal\u0113ji kreiso frakcija, kas p\u0101rmet EK Izra\u0113las armijas r\u012bc\u012bbas ignor\u0113\u0161anu Gazas josl\u0101, un lab\u0113jie &#8220;Eiropas patrioti&#8221;, kas nav apmierin\u0101ti ar EK ekonomikas politiku.<\/p>\n<p>K\u0101 jau tika gaid\u012bts, neviens no abiem priek\u0161likumiem neieguva nepiecie\u0161am\u0101s 360 balsis. &#8220;Eiropas patriotu&#8221; ierosin\u0101to priek\u0161likumu atbalst\u012bja tika 179 EP deput\u0101ti, bet 378 balsoja pret to. 37 deput\u0101ti no balso\u0161anas attur\u0113j\u0101s.<\/p>\n<p>Gal\u0113ji kreiso frakcijas ierosin\u0101to priek\u0161likumu par neuztic\u012bbas izteik\u0161anu noraid\u012bja 383 deput\u0101ti, bet atbalst\u012bji 133. No balso\u0161anas attur\u0113j\u0101s 78 deput\u0101ti.<\/p>\n<p>Jau zi\u0146ots, ka j\u016blij\u0101 Leiena ar p\u0101rliecino\u0161u balsu vair\u0101kumu EP iztur\u0113ja uztic\u012bbas balsojumu, ko nacion\u0101lkonservat\u012bvie bija ierosin\u0101ju\u0161i saist\u012bb\u0101 ar vi\u0146as r\u012bc\u012bbu Covid-19 vakc\u012bnu l\u012bgumu liet\u0101. Toreiz 360 deput\u0101ti noraid\u012bja priek\u0161likumu par neuztic\u012bbas izteik\u0161anu, ko atbalst\u012bja 175.<\/p>\n<p><img decoding=\"async\" src=\"https:\/\/www.europesays.com\/lv\/wp-content\/uploads\/2025\/10\/f4a7448ca5a33826bd25545b1197ef8a.png\" title=\"Eiropas Komisijas vad\u012bt\u0101ja Urzula fon der Leiena. Foto: AP Photo\/Virginia Mayo\/Scanpix\" alt=\"Eiropas Komisijas vad\u012bt\u0101ja Urzula fon der Leiena. Foto: AP Photo\/Virginia Mayo\/Scanpix\"\/><\/p>\n<p class=\"article-img-desc\">Eiropas Komisijas vad\u012bt\u0101ja Urzula fon der Leiena. Foto: AP Photo\/Virginia Mayo\/Scanpix<\/p>\n","protected":false},"excerpt":{"rendered":"Eiropas Komisijas (EK) prezidente Urzula fon der Leiena un vi\u0146as vad\u012bt\u0101 EK komanda ceturtdien ar p\u0101rliecino\u0161u balsu vair\u0101kumu&hellip;\n","protected":false},"author":2,"featured_media":16830,"comment_status":"","ping_status":"","sticky":false,"template":"","format":"standard","meta":{"footnotes":""},"categories":[14],"tags":[129,1209,23,57,28,29,32,33,22,30,31,35,39,38,36,37,34,40,20,26,27,1210,1211,24,25,54,55,56,21,58],"class_list":{"0":"post-16829","1":"post","2":"type-post","3":"status-publish","4":"format-standard","5":"has-post-thumbnail","7":"category-zinas-no-arvalstim","8":"tag-__typenameadvicekeyword","9":"tag-id824","10":"tag-aktualitates","11":"tag-arvalstim","12":"tag-breaking-news","13":"tag-breakingnews","14":"tag-featured-news","15":"tag-featurednews","16":"tag-headlines","17":"tag-latest-news","18":"tag-latestnews","19":"tag-latvia","20":"tag-latvian","21":"tag-latviesu","22":"tag-latviesu-valoda","23":"tag-latviesuvaloda","24":"tag-latvija","25":"tag-lv","26":"tag-news","27":"tag-popularakas-zinas","28":"tag-popularakaszinas","29":"tag-slugpolitika","30":"tag-titlepolitika","31":"tag-top-stories","32":"tag-topstories","33":"tag-world","34":"tag-world-news","35":"tag-worldnews","36":"tag-zinas","37":"tag-zinas-no-arvalstim"},"share_on_mastodon":{"url":"","error":""},"_links":{"self":[{"href":"https:\/\/www.europesays.com\/lv\/wp-json\/wp\/v2\/posts\/16829","targetHints":{"allow":["GET"]}}],"collection":[{"href":"https:\/\/www.europesays.com\/lv\/wp-json\/wp\/v2\/posts"}],"about":[{"href":"https:\/\/www.europesays.com\/lv\/wp-json\/wp\/v2\/types\/post"}],"author":[{"embeddable":true,"href":"https:\/\/www.europesays.com\/lv\/wp-json\/wp\/v2\/users\/2"}],"replies":[{"embeddable":true,"href":"https:\/\/www.europesays.com\/lv\/wp-json\/wp\/v2\/comments?post=16829"}],"version-history":[{"count":0,"href":"https:\/\/www.europesays.com\/lv\/wp-json\/wp\/v2\/posts\/16829\/revisions"}],"wp:featuredmedia":[{"embeddable":true,"href":"https:\/\/www.europesays.com\/lv\/wp-json\/wp\/v2\/media\/16830"}],"wp:attachment":[{"href":"https:\/\/www.europesays.com\/lv\/wp-json\/wp\/v2\/media?parent=16829"}],"wp:term":[{"taxonomy":"category","embeddable":true,"href":"https:\/\/www.europesays.com\/lv\/wp-json\/wp\/v2\/categories?post=16829"},{"taxonomy":"post_tag","embeddable":true,"href":"https:\/\/www.europesays.com\/lv\/wp-json\/wp\/v2\/tags?post=16829"}],"curies":[{"name":"wp","href":"https:\/\/api.w.org\/{rel}","templated":true}]}}