{"id":1686,"date":"2025-09-22T10:17:16","date_gmt":"2025-09-22T10:17:16","guid":{"rendered":"https:\/\/www.europesays.com\/lv\/1686\/"},"modified":"2025-09-22T10:17:16","modified_gmt":"2025-09-22T10:17:16","slug":"vina-bija-parak-piedzerusies-lai-justu-sapes-latgales-varmakas-attaisnojums-tiesa","status":"publish","type":"post","link":"https:\/\/www.europesays.com\/lv\/1686\/","title":{"rendered":"&#8220;Vi\u0146a bija p\u0101r\u0101k piedz\u0113rusies, lai justu s\u0101pes,&#8221; Latgales varm\u0101kas attaisnojums ties\u0101"},"content":{"rendered":"<p>Kaimi\u0146i k\u0101p\u0146u telp\u0101 atrada vi\u0146u gu\u013cam uz aukst\u0101 betona ar p\u0101rsistu, asi\u0146ojo\u0161u galvu. Pirm\u0101 lieta, ko vi\u0146a teica, bija: &#8220;V\u012brs pagr\u016bda.&#8221; V\u0113l\u0101k, turot pie galvas dvieli, vi\u0146a s\u016bdz\u0113j\u0101s par necie\u0161am\u0101m s\u0101p\u0113m.\u00a0<\/p>\n<p>Tom\u0113r tiesas z\u0101l\u0113 v\u012brs tika attaisnots, jo&#8230; tiesa nenotic\u0113ja, ka vi\u0146ai tie\u0161\u0101m s\u0101p\u0113ja. Kas sl\u0113pjas \u0161aj\u0101 notikum\u0101, juridisks kuriozs vai cinisma kalngals?<\/p>\n","protected":false},"excerpt":{"rendered":"Kaimi\u0146i k\u0101p\u0146u telp\u0101 atrada vi\u0146u gu\u013cam uz aukst\u0101 betona ar p\u0101rsistu, asi\u0146ojo\u0161u galvu. Pirm\u0101 lieta, ko vi\u0146a teica,&hellip;\n","protected":false},"author":2,"featured_media":1375,"comment_status":"","ping_status":"","sticky":false,"template":"","format":"standard","meta":{"footnotes":""},"categories":[5],"tags":[23,28,29,32,33,22,30,31,901,35,39,38,36,37,34,40,20,26,27,24,25,900,899,21],"class_list":{"0":"post-1686","1":"post","2":"type-post","3":"status-publish","4":"format-standard","5":"has-post-thumbnail","7":"category-aktualitates","8":"tag-aktualitates","9":"tag-breaking-news","10":"tag-breakingnews","11":"tag-featured-news","12":"tag-featurednews","13":"tag-headlines","14":"tag-latest-news","15":"tag-latestnews","16":"tag-latgales-apgabaltiesa","17":"tag-latvia","18":"tag-latvian","19":"tag-latviesu","20":"tag-latviesu-valoda","21":"tag-latviesuvaloda","22":"tag-latvija","23":"tag-lv","24":"tag-news","25":"tag-popularakas-zinas","26":"tag-popularakaszinas","27":"tag-top-stories","28":"tag-topstories","29":"tag-tvnet-cilvekstasti","30":"tag-vardarbiba","31":"tag-zinas"},"share_on_mastodon":{"url":"","error":""},"_links":{"self":[{"href":"https:\/\/www.europesays.com\/lv\/wp-json\/wp\/v2\/posts\/1686","targetHints":{"allow":["GET"]}}],"collection":[{"href":"https:\/\/www.europesays.com\/lv\/wp-json\/wp\/v2\/posts"}],"about":[{"href":"https:\/\/www.europesays.com\/lv\/wp-json\/wp\/v2\/types\/post"}],"author":[{"embeddable":true,"href":"https:\/\/www.europesays.com\/lv\/wp-json\/wp\/v2\/users\/2"}],"replies":[{"embeddable":true,"href":"https:\/\/www.europesays.com\/lv\/wp-json\/wp\/v2\/comments?post=1686"}],"version-history":[{"count":0,"href":"https:\/\/www.europesays.com\/lv\/wp-json\/wp\/v2\/posts\/1686\/revisions"}],"wp:featuredmedia":[{"embeddable":true,"href":"https:\/\/www.europesays.com\/lv\/wp-json\/wp\/v2\/media\/1375"}],"wp:attachment":[{"href":"https:\/\/www.europesays.com\/lv\/wp-json\/wp\/v2\/media?parent=1686"}],"wp:term":[{"taxonomy":"category","embeddable":true,"href":"https:\/\/www.europesays.com\/lv\/wp-json\/wp\/v2\/categories?post=1686"},{"taxonomy":"post_tag","embeddable":true,"href":"https:\/\/www.europesays.com\/lv\/wp-json\/wp\/v2\/tags?post=1686"}],"curies":[{"name":"wp","href":"https:\/\/api.w.org\/{rel}","templated":true}]}}