{"id":16871,"date":"2025-10-09T12:14:08","date_gmt":"2025-10-09T12:14:08","guid":{"rendered":"https:\/\/www.europesays.com\/lv\/16871\/"},"modified":"2025-10-09T12:14:08","modified_gmt":"2025-10-09T12:14:08","slug":"leiena-viena-diena-iztur-divus-uzticibas-balsojumus","status":"publish","type":"post","link":"https:\/\/www.europesays.com\/lv\/16871\/","title":{"rendered":"Leiena vien\u0101 dien\u0101 iztur divus uztic\u012bbas balsojumus"},"content":{"rendered":"<p>Balsojumus bija ierosin\u0101jusi Eiropas Parlamenta gal\u0113ji kreiso frakcija, kas p\u0101rmet EK Izra\u0113las armijas r\u012bc\u012bbas ignor\u0113\u0161anu Gazas josl\u0101, un lab\u0113jie &#8220;Eiropas patrioti&#8221;, kas nav apmierin\u0101ti ar EK ekonomikas politiku.<\/p>\n<p>K\u0101 jau tika gaid\u012bts, neviens no abiem priek\u0161likumiem neieguva nepiecie\u0161am\u0101s 360 balsis. &#8220;Eiropas patriotu&#8221; ierosin\u0101to priek\u0161likumu atbalst\u012bja tika 179 EP deput\u0101ti, bet 378 balsoja pret to. 37 deput\u0101ti no balso\u0161anas attur\u0113j\u0101s.<\/p>\n<p>Gal\u0113ji kreiso frakcijas ierosin\u0101to priek\u0161likumu par neuztic\u012bbas izteik\u0161anu noraid\u012bja 383 deput\u0101ti, bet atbalst\u012bji 133. No balso\u0161anas attur\u0113j\u0101s 78 deput\u0101ti.<\/p>\n<p>Jau zi\u0146ots, ka j\u016blij\u0101 Leiena ar p\u0101rliecino\u0161u balsu vair\u0101kumu EP iztur\u0113ja uztic\u012bbas balsojumu, ko nacion\u0101lkonservat\u012bvie bija ierosin\u0101ju\u0161i saist\u012bb\u0101 ar vi\u0146as r\u012bc\u012bbu Covid-19 vakc\u012bnu l\u012bgumu liet\u0101. Toreiz 360 deput\u0101ti noraid\u012bja priek\u0161likumu par neuztic\u012bbas izteik\u0161anu, ko atbalst\u012bja 175.<\/p>\n","protected":false},"excerpt":{"rendered":"Balsojumus bija ierosin\u0101jusi Eiropas Parlamenta gal\u0113ji kreiso frakcija, kas p\u0101rmet EK Izra\u0113las armijas r\u012bc\u012bbas ignor\u0113\u0161anu Gazas josl\u0101, un&hellip;\n","protected":false},"author":2,"featured_media":16872,"comment_status":"","ping_status":"","sticky":false,"template":"","format":"standard","meta":{"footnotes":""},"categories":[14],"tags":[23,57,28,29,512,5688,514,32,33,22,30,31,35,39,38,36,37,34,40,20,26,27,24,25,5507,54,55,56,21,58],"class_list":{"0":"post-16871","1":"post","2":"type-post","3":"status-publish","4":"format-standard","5":"has-post-thumbnail","7":"category-zinas-no-arvalstim","8":"tag-aktualitates","9":"tag-arvalstim","10":"tag-breaking-news","11":"tag-breakingnews","12":"tag-eiropas-komisija","13":"tag-eiropas-parlaments","14":"tag-eiropas-savieniba","15":"tag-featured-news","16":"tag-featurednews","17":"tag-headlines","18":"tag-latest-news","19":"tag-latestnews","20":"tag-latvia","21":"tag-latvian","22":"tag-latviesu","23":"tag-latviesu-valoda","24":"tag-latviesuvaloda","25":"tag-latvija","26":"tag-lv","27":"tag-news","28":"tag-popularakas-zinas","29":"tag-popularakaszinas","30":"tag-top-stories","31":"tag-topstories","32":"tag-urzula-fon-der-leiena","33":"tag-world","34":"tag-world-news","35":"tag-worldnews","36":"tag-zinas","37":"tag-zinas-no-arvalstim"},"share_on_mastodon":{"url":"","error":""},"_links":{"self":[{"href":"https:\/\/www.europesays.com\/lv\/wp-json\/wp\/v2\/posts\/16871","targetHints":{"allow":["GET"]}}],"collection":[{"href":"https:\/\/www.europesays.com\/lv\/wp-json\/wp\/v2\/posts"}],"about":[{"href":"https:\/\/www.europesays.com\/lv\/wp-json\/wp\/v2\/types\/post"}],"author":[{"embeddable":true,"href":"https:\/\/www.europesays.com\/lv\/wp-json\/wp\/v2\/users\/2"}],"replies":[{"embeddable":true,"href":"https:\/\/www.europesays.com\/lv\/wp-json\/wp\/v2\/comments?post=16871"}],"version-history":[{"count":0,"href":"https:\/\/www.europesays.com\/lv\/wp-json\/wp\/v2\/posts\/16871\/revisions"}],"wp:featuredmedia":[{"embeddable":true,"href":"https:\/\/www.europesays.com\/lv\/wp-json\/wp\/v2\/media\/16872"}],"wp:attachment":[{"href":"https:\/\/www.europesays.com\/lv\/wp-json\/wp\/v2\/media?parent=16871"}],"wp:term":[{"taxonomy":"category","embeddable":true,"href":"https:\/\/www.europesays.com\/lv\/wp-json\/wp\/v2\/categories?post=16871"},{"taxonomy":"post_tag","embeddable":true,"href":"https:\/\/www.europesays.com\/lv\/wp-json\/wp\/v2\/tags?post=16871"}],"curies":[{"name":"wp","href":"https:\/\/api.w.org\/{rel}","templated":true}]}}