{"id":16873,"date":"2025-10-09T12:15:14","date_gmt":"2025-10-09T12:15:14","guid":{"rendered":"https:\/\/www.europesays.com\/lv\/16873\/"},"modified":"2025-10-09T12:15:14","modified_gmt":"2025-10-09T12:15:14","slug":"koka-bernudarzs-salaspili-ieguvis-grand-prix-latvijas-arhitekturas-gada-balva-2025-lente-lv","status":"publish","type":"post","link":"https:\/\/www.europesays.com\/lv\/16873\/","title":{"rendered":"Koka b\u0113rnud\u0101rzs Salaspil\u012b ieguvis \u00abGrand Prix\u00bb Latvijas Arhitekt\u016bras gada balv\u0101 2025\u00a0\u2014\u00a0Lente.lv"},"content":{"rendered":"<p>Koka b\u0113rnud\u0101rzs Salaspil\u012b ieguvis presti\u017eo Latvijas Arhitekt\u016bras gada balvu \u00abGrand Prix\u00bb 2025<\/p>\n<p>Salaspils 7. pirmsskolas izgl\u012bt\u012bbas iest\u0101de, kas pla\u0161\u0101k paz\u012bstama k\u0101 Salaspils koka b\u0113rnud\u0101rzs, ir sa\u0146\u0113musi noz\u012bm\u012bg\u0101ko apbalvojumu \u2013 \u00abGrand Prix\u00bb \u2013 Latvijas Arhitekt\u016bras gada balv\u0101 2025. \u0160is sp\u012bdo\u0161ais sasniegums atz\u012bm\u0113 ne tikai izcilu arhitektonisko risin\u0101jumu, bet ar\u012b apliecina ilgtsp\u0113jas un r\u016bpes par vidi noz\u012bm\u012bgumu m\u016bsdienu celtniec\u012bb\u0101. Svin\u012bg\u0101 apbalvo\u0161anas ceremonija norisin\u0101j\u0101s 6. oktobr\u012b Jaunaj\u0101 R\u012bgas te\u0101tr\u012b, godinot Latvijas arhitekt\u016bras sasniegumus tr\u012bsdesmit gadu garum\u0101.<\/p>\n<p>Ilgtsp\u0113ja un inov\u0101cija koka arhitekt\u016br\u0101<\/p>\n<p>Koka b\u0113rnud\u0101rzs Salaspil\u012b, ko rad\u012bjis arhitektu birojs \u00abMADE arhitekti\u00bb, ir pirmais publiskais koka objekts Baltij\u0101, kas ieguvis sertific\u0113ta pas\u012bv\u0101s \u0113kas statusu. Tas demonstr\u0113 izcilu energoefektivit\u0101ti un videi draudz\u012bgu pieeju b\u016bvniec\u012bb\u0101, izmantojot zemas emisijas un otrreiz\u0113ji p\u0101rstr\u0101d\u0101tus materi\u0101lus. \u0160\u0101da pieeja ne vien samazina \u0113kas oglek\u013ca p\u0113du, bet ar\u012b garant\u0113 vesel\u012bbai nekait\u012bgu vidi b\u0113rniem, nodro\u0161inot zemu gaisto\u0161o organisko savienojumu izdal\u012bjumu l\u012bmeni. Projekta autori ir atbild\u0113ju\u0161i uz m\u016bsdienu b\u016bvniec\u012bbas izaicin\u0101jumiem, radot risin\u0101jumus, kas ir ekonomiski, plan\u0113tai labv\u0113l\u012bgi un dro\u0161i. \u0160is projekts ir apliecin\u0101jums cie\u0146ai pret Latvijas koka arhitekt\u016bras trad\u012bcij\u0101m un to inovat\u012bvai pielieto\u0161anai.<\/p>\n<p>Sadarb\u012bbas sp\u0113ks un pan\u0101kumu st\u0101sts<\/p>\n<p>Arhitekts Mi\u0137elis Putr\u0101ms no \u00abMADE arhitekti\u00bb ceremonij\u0101 atzina, ka projekta realiz\u0101cija bijusi gan emocion\u0101li pies\u0101tin\u0101ta, gan kalpojusi k\u0101 \u00absadarb\u012bbas paraugstunda\u00bb. \u0160is pan\u0101kums ir spilgts piem\u0113rs tam, k\u0101 sp\u0113c\u012bga siner\u0123ija starp arhitektiem, b\u016bvniekiem, pa\u0161vald\u012bbu un cit\u0101m iesaist\u012btaj\u0101m pus\u0113m var sasniegt augstus b\u016bvniec\u012bbas kvalit\u0101tes standartus. Salaspils novada dome, str\u0101d\u0101jot kop\u0101 ar saviem speci\u0101listiem, ir apliecin\u0101jusi sp\u0113ju \u012bstenot patiesi izcilus projektus. K\u0101 pirm\u0101s \u0161\u0101da veida publisk\u0101s b\u016bves Baltij\u0101, koka b\u0113rnud\u0101rzs ir sa\u0146\u0113mis ar\u012b Jaun\u0101 Eiropas \u00abBauhaus\u00bb atzin\u012bbu, ko pasniedza \u00abMADE arhitekti\u00bb.<\/p>\n<p>Latvijas Arhitekt\u016bras gada balva \u2013 30 gadi izcil\u012bbai<\/p>\n<p>\u0160ogad Latvijas Arhitekt\u016bras gada balva svin savu 30. gadadienu, akcent\u0113jot \u00abieder\u012bbu\u00bb k\u0101 galveno t\u0113mu. Konkurss, ko organiz\u0113 Latvijas Arhitektu savien\u012bba sadarb\u012bb\u0101 ar Kult\u016bras ministriju, ne tikai izce\u013c lab\u0101kos sasniegumus Latvijas arhitekt\u016br\u0101, bet ar\u012b veicina sabiedr\u012bbas izpratni par arhitekt\u016bras noz\u012bmi. \u0160ogad konkursa fin\u0101la \u017e\u016brijas balvu jeb Gada balvu Latvijas arhitekt\u016br\u0101 ieguva ar\u012b \u00abLight Guide Optics International\u00bb ra\u017eo\u0161anas \u0113ku un teritorijas p\u0101rb\u016bve, \u00abAugust\u012bnes d\u0101rzs\u00bb un projekts \u00abRobe\u017eas telpiskums \u2013 Latvijas austrumu pierobe\u017eas rehabilit\u0101cija\u00bb. \u017durn\u0101ls \u00abLatvijas Architekt\u016bra\u00bb sa\u0146\u0113ma fin\u0101la \u017e\u016brijas \u012bpa\u0161o atzin\u012bbu. Zil\u0101kalna skatu tornis un vesel\u012bbas taka \u00abNatura2000\u00bb dabas liegum\u0101 \u00abZilaiskalns\u00bb tika nov\u0113rt\u0113ti kategorij\u0101 \u00abIn\u017eenierb\u016bves\u00bb.<\/p>\n","protected":false},"excerpt":{"rendered":"Koka b\u0113rnud\u0101rzs Salaspil\u012b ieguvis presti\u017eo Latvijas Arhitekt\u016bras gada balvu \u00abGrand Prix\u00bb 2025 Salaspils 7. pirmsskolas izgl\u012bt\u012bbas iest\u0101de, kas&hellip;\n","protected":false},"author":2,"featured_media":16874,"comment_status":"","ping_status":"","sticky":false,"template":"","format":"standard","meta":{"footnotes":""},"categories":[12],"tags":[23,28,29,32,33,5692,22,5691,30,31,35,39,38,36,37,34,5188,40,5690,20,26,27,5689,24,25,21],"class_list":{"0":"post-16873","1":"post","2":"type-post","3":"status-publish","4":"format-standard","5":"has-post-thumbnail","7":"category-latvija","8":"tag-aktualitates","9":"tag-breaking-news","10":"tag-breakingnews","11":"tag-featured-news","12":"tag-featurednews","13":"tag-grand-prix-2025","14":"tag-headlines","15":"tag-ilgtspejiga-arhitektura","16":"tag-latest-news","17":"tag-latestnews","18":"tag-latvia","19":"tag-latvian","20":"tag-latviesu","21":"tag-latviesu-valoda","22":"tag-latviesuvaloda","23":"tag-latvija","24":"tag-latvijas-arhitekturas-gada-balva","25":"tag-lv","26":"tag-made-arhitekti","27":"tag-news","28":"tag-popularakas-zinas","29":"tag-popularakaszinas","30":"tag-salaspils-koka-bernudarzs","31":"tag-top-stories","32":"tag-topstories","33":"tag-zinas"},"share_on_mastodon":{"url":"","error":""},"_links":{"self":[{"href":"https:\/\/www.europesays.com\/lv\/wp-json\/wp\/v2\/posts\/16873","targetHints":{"allow":["GET"]}}],"collection":[{"href":"https:\/\/www.europesays.com\/lv\/wp-json\/wp\/v2\/posts"}],"about":[{"href":"https:\/\/www.europesays.com\/lv\/wp-json\/wp\/v2\/types\/post"}],"author":[{"embeddable":true,"href":"https:\/\/www.europesays.com\/lv\/wp-json\/wp\/v2\/users\/2"}],"replies":[{"embeddable":true,"href":"https:\/\/www.europesays.com\/lv\/wp-json\/wp\/v2\/comments?post=16873"}],"version-history":[{"count":0,"href":"https:\/\/www.europesays.com\/lv\/wp-json\/wp\/v2\/posts\/16873\/revisions"}],"wp:featuredmedia":[{"embeddable":true,"href":"https:\/\/www.europesays.com\/lv\/wp-json\/wp\/v2\/media\/16874"}],"wp:attachment":[{"href":"https:\/\/www.europesays.com\/lv\/wp-json\/wp\/v2\/media?parent=16873"}],"wp:term":[{"taxonomy":"category","embeddable":true,"href":"https:\/\/www.europesays.com\/lv\/wp-json\/wp\/v2\/categories?post=16873"},{"taxonomy":"post_tag","embeddable":true,"href":"https:\/\/www.europesays.com\/lv\/wp-json\/wp\/v2\/tags?post=16873"}],"curies":[{"name":"wp","href":"https:\/\/api.w.org\/{rel}","templated":true}]}}