{"id":16877,"date":"2025-10-09T12:17:09","date_gmt":"2025-10-09T12:17:09","guid":{"rendered":"https:\/\/www.europesays.com\/lv\/16877\/"},"modified":"2025-10-09T12:17:09","modified_gmt":"2025-10-09T12:17:09","slug":"gluzi-vai-svetais-grals-veza-pacientam-un-vina-tuviniekiem-gramata-pilniga-atlabsana","status":"publish","type":"post","link":"https:\/\/www.europesays.com\/lv\/16877\/","title":{"rendered":"Glu\u017ei vai Sv\u0113tais Gr\u0101ls v\u0113\u017ea pacientam un vi\u0146a tuviniekiem: gr\u0101mata &#8220;Piln\u012bga atlab\u0161ana&#8221;"},"content":{"rendered":"<p>\u201cJa man jaut\u0101tu par pirmo gr\u0101matu, ko vajadz\u0113tu \u0146emt rok\u0101s v\u0113\u017ea pacientam un vi\u0146a tuviniekiem, t\u0101 noteikti b\u016btu \u201cPiln\u012bga atlab\u0161ana\u201d,\u201d uzsver integrat\u012bv\u0101 onkolo\u0123e Linda Brok\u0101ne. \u201cPacientiem t\u0101 dos nep\u0101rv\u0113rt\u0113jamu artavu slim\u012bbas izpra\u0161an\u0101 un papla\u0161in\u0101s uztveres apv\u0101rsni, lai maksim\u0101li iesaist\u012btos \u0101rst\u0113\u0161an\u0101s proces\u0101.<\/p>\n<blockquote class=\"quote ck-widget\" contenteditable=\"false\">\n<p>Atvese\u013co\u0161an\u0101s gait\u0101 vissvar\u012bg\u0101k\u0101 ir pa\u0161a pacienta loma, un Kellija A. T\u0113rnere, analiz\u0113jot vair\u0101k nek\u0101 1500 radik\u0101las remisijas gad\u012bjumus, to lieliski par\u0101da.<\/p>\n<\/blockquote>\n<p>Lai gr\u0101mata kalpo par br\u012bni\u0161\u0137\u012bgu iedvesmas un atbalsta punktu ikvienam, kur\u0161 sask\u0101ries ar v\u0113\u017ea diagnozi, un attur nozares profesion\u0101\u013cus no p\u0101rsteidz\u012bgu pesimistisku spriedumu izteik\u0161anas \u2013 \u201cPiln\u012bga atlab\u0161ana\u201d pal\u012bdz izprast, k\u0101p\u0113c cer\u012bba neb\u016btu j\u0101zaud\u0113 nekad!\u201d<\/p>\n<p><img decoding=\"async\" class=\"figure__image\" onclick=\"triggerEvent('articleImageClick', { id: 17199573, focus: 'single-image', focusIndex: '17199573' })\" onkeydown=\"if (event.key === 'Enter') {&#10;        triggerEvent('articleImageClick', { id: 17199573, focus: 'single-image', focusIndex: '17199573' })&#10;        }\" role=\"button\" tabindex=\"0\" data-focus-from=\"single-image\" data-focus-index=\"17199573\" src=\"https:\/\/www.europesays.com\/lv\/wp-content\/uploads\/2025\/10\/17199573t1h2b75.jpg\" onload=\"this.parentElement.classList.remove('figure__image-loading')\" alt=\"\"\/> Foto: Publicit\u0101tes foto<\/p>\n<p>Gr\u0101matas izdo\u0161anu latviski ierosin\u0101jis un atbalst\u012bjis fonds \u201cUzvar\u0113t v\u0113zi. Un sevi\u201d, kura dibin\u0101t\u0101js Toms \u0100bele savu iesaist\u012b\u0161anos skaidro t\u0101: \u201cPVO dati liecina, ka ik gadu ar \u013caundab\u012bgiem audz\u0113jiem saslimst vair\u0101k nek\u0101 19 miljoni cilv\u0113ku un \u0161is skaitlis turpina augt. Protams, medic\u012bna nest\u0101v uz vietas, tom\u0113r slim\u012bba nereti izr\u0101d\u0101s stipr\u0101ka.<\/p>\n<blockquote class=\"quote ck-widget\" contenteditable=\"false\">\n<p>Tas rada lielo jaut\u0101jumu \u2013 k\u0101 uzveikt v\u0113zi un dz\u012bvot pilnv\u0113rt\u012bgu dz\u012bvi? M\u016bsu aicin\u0101jums ir par\u0101d\u012bt, cik daudz ikdien\u0101 viegli lietojamu \u0101rst\u0113\u0161an\u0101s instrumentu ir m\u016bsu pa\u0161u rok\u0101s;<\/p>\n<\/blockquote>\n<p>v\u0113lamies dal\u012bties ar iedvesmojo\u0161iem st\u0101stiem, praktiskiem padomiem un recept\u0113m. Gr\u0101mata \u201cPiln\u012bga atlab\u0161ana\u201d st\u0101sta tie\u0161i par to, cik noz\u012bm\u012bga loma vesel\u012bbas atg\u016b\u0161an\u0101 ir pa\u0161am pacientam.\u201d<\/p>\n<blockquote class=\"quote ck-widget\" contenteditable=\"false\">\n<p>Pirms tam v\u0113l neviens doktores T\u0113rneres profesionalit\u0101tes l\u012bme\u0146a speci\u0101lists nav uzdro\u0161in\u0101jies p\u0113t\u012bt miljonu dol\u0101ru v\u0113rto jaut\u0101jumu \u2013 k\u0101p\u0113c da\u017ei pacienti atlabst no \u0161\u0137ietami \u201cnedziedin\u0101mas\u201d slim\u012bbas? Doktore T\u0113rnere ir atkl\u0101jusi Sv\u0113to Gr\u0101lu, ko mekl\u0113ja tie, kuri v\u0113l\u0113j\u0101s palielin\u0101t savas izvese\u013co\u0161an\u0101s izredzes. Bravo, doktore T\u0113rnere!<\/p>\n<\/blockquote>\n<p>Lisa Rankina, M.D., gr\u0101matas &#8220;Pr\u0101ts p\u0101rsp\u0113j medic\u012bnu&#8221; autore <\/p>\n<p>Gr\u0101matu no ang\u013cu valodas tulkojusi Velga V\u012bgante, un t\u0101 mekl\u0113jama liel\u0101kaj\u0101s Latvijas gr\u0101matn\u012bc\u0101s.<\/p>\n","protected":false},"excerpt":{"rendered":"\u201cJa man jaut\u0101tu par pirmo gr\u0101matu, ko vajadz\u0113tu \u0146emt rok\u0101s v\u0113\u017ea pacientam un vi\u0146a tuviniekiem, t\u0101 noteikti b\u016btu&hellip;\n","protected":false},"author":2,"featured_media":16878,"comment_status":"","ping_status":"","sticky":false,"template":"","format":"standard","meta":{"footnotes":""},"categories":[19],"tags":[89,5693,90,35,39,38,36,37,34,40,3140,976],"class_list":{"0":"post-16877","1":"post","2":"type-post","3":"status-publish","4":"format-standard","5":"has-post-thumbnail","7":"category-izklaide","8":"tag-entertainment","9":"tag-izdevnieciba-lietusdarzs","10":"tag-izklaide","11":"tag-latvia","12":"tag-latvian","13":"tag-latviesu","14":"tag-latviesu-valoda","15":"tag-latviesuvaloda","16":"tag-latvija","17":"tag-lv","18":"tag-onkologija","19":"tag-vezis"},"share_on_mastodon":{"url":"","error":""},"_links":{"self":[{"href":"https:\/\/www.europesays.com\/lv\/wp-json\/wp\/v2\/posts\/16877","targetHints":{"allow":["GET"]}}],"collection":[{"href":"https:\/\/www.europesays.com\/lv\/wp-json\/wp\/v2\/posts"}],"about":[{"href":"https:\/\/www.europesays.com\/lv\/wp-json\/wp\/v2\/types\/post"}],"author":[{"embeddable":true,"href":"https:\/\/www.europesays.com\/lv\/wp-json\/wp\/v2\/users\/2"}],"replies":[{"embeddable":true,"href":"https:\/\/www.europesays.com\/lv\/wp-json\/wp\/v2\/comments?post=16877"}],"version-history":[{"count":0,"href":"https:\/\/www.europesays.com\/lv\/wp-json\/wp\/v2\/posts\/16877\/revisions"}],"wp:featuredmedia":[{"embeddable":true,"href":"https:\/\/www.europesays.com\/lv\/wp-json\/wp\/v2\/media\/16878"}],"wp:attachment":[{"href":"https:\/\/www.europesays.com\/lv\/wp-json\/wp\/v2\/media?parent=16877"}],"wp:term":[{"taxonomy":"category","embeddable":true,"href":"https:\/\/www.europesays.com\/lv\/wp-json\/wp\/v2\/categories?post=16877"},{"taxonomy":"post_tag","embeddable":true,"href":"https:\/\/www.europesays.com\/lv\/wp-json\/wp\/v2\/tags?post=16877"}],"curies":[{"name":"wp","href":"https:\/\/api.w.org\/{rel}","templated":true}]}}