{"id":16895,"date":"2025-10-09T12:35:08","date_gmt":"2025-10-09T12:35:08","guid":{"rendered":"https:\/\/www.europesays.com\/lv\/16895\/"},"modified":"2025-10-09T12:35:08","modified_gmt":"2025-10-09T12:35:08","slug":"arturs-cingujevs-aicina-uz-klavierterapijas-vakaru-2-sezonu","status":"publish","type":"post","link":"https:\/\/www.europesays.com\/lv\/16895\/","title":{"rendered":"Art\u016brs Cingujevs aicina uz Klavierterapijas vakaru 2. sezonu"},"content":{"rendered":"<p>P\u0113c spo\u017eas debijas sezonas, kas nosl\u0113dz\u0101s ar vair\u0101k nek\u0101 desmit izp\u0101rdotiem vakariem, Art\u016brs Cingujevs atgrie\u017eas ar jaunu muzik\u0101lu piedz\u012bvojumu. Vasaras laik\u0101 tapusi programma, kas turpina vi\u0146a unik\u0101lo ce\u013cu &#8211; m\u016bziku k\u0101 dziedin\u0101\u0161anu, k\u0101 elpu, k\u0101 klusu sarunu ar dv\u0113seli.<\/p>\n<p>Art\u016brs Cingujevs: \u201cJaun\u0101 programma ir k\u0101 pastaiga ar sevi klusum\u0101 \u2013 ce\u013c\u0161, kas atver zemapzi\u0146as v\u0101rtus. Klavieru ska\u0146a k\u013c\u016bst par ce\u013cvedi iek\u0161\u0113j\u0101s pasaules lidojum\u0101, kur atkl\u0101jam savu dzi\u013c\u0101ko es, izdz\u012bvojam neizdz\u012bvoto un sastopam pa\u0161i sevi.\u201d<\/p>\n<p>Klavierterapijas vakari nav tikai koncerts &#8211; tie ir meditat\u012bvi muzik\u0101li piedz\u012bvojumi, kas aicina apst\u0101ties, atbr\u012bvoties no ikdienas steigas un atgriezties pie sevis. T\u0101 ir iesp\u0113ja piedz\u012bvot m\u016bziku k\u0101 saj\u016btu &#8211; nevis klaus\u012bties, bet b\u016bt taj\u0101.<\/p>\n<p>M\u016bzika tiek atska\u0146ota uz 1910. gada Bl\u00fcthner klavier\u0113m, \u012bpa\u0161i noska\u0146ot\u0101m uz 432 Hz frekvenci \u2013 ska\u0146u, ko d\u0113v\u0113 par dabisku un harmoniz\u0113jo\u0161u. T\u0101 rezon\u0113 ar cilv\u0113ka sirdsdarb\u012bbas un dabas ritmu, radot iek\u0161\u0113ju mieru un emocion\u0101lu l\u012bdzsvaru.<\/p>\n<p>Klaus\u012bt\u0101ji tiek aicin\u0101ti \u0113rti iek\u0101rtoties zvi\u013c\u0146os, \u013caujoties klavierm\u016bzikas pl\u016bdumam un Annas Cingujevas veidotajiem ska\u0146u vibr\u0101ciju vizualiz\u0113jumiem, kas dz\u012bvi atspogu\u013cojas uz klavieru v\u0101ka un pal\u012bdz iegrimt viegl\u0101 medit\u0101cij\u0101. Pirms un p\u0113c koncerta viesus sagaida siltas t\u0113jas un pipark\u016bku arom\u0101ts, kas rada m\u0101j\u012bgu, sirsn\u012bgu gaisotni &#8211; k\u0101 miera br\u012bdis pa\u0161\u0101 sev\u012b.<\/p>\n<p>Pianiste Agnese Egli\u0146a p\u0113c Klavierterapijas apmekl\u0113juma dal\u0101s saj\u016bt\u0101s: \u2018\u2019Vai tas ir koncerts? Vai t\u0101 ir terapija? Vai tas ir ritu\u0101ls? Ticu, ka katram ir savas p\u0101rdomas un saj\u016btas. No sirds IESAKU to katram PIEDZ\u012aVOT!\u2019\u2019<\/p>\n<p>Klavierterapijas koncertu vakaros iesp\u0113jams ieg\u0101d\u0101ties albumu CD un vinila form\u0101t\u0101. Bi\u013cetes uz Klavierterapijas vakariem fienta.com. Vair\u0101k inform\u0101cijas Facebook @Impresario Baltica.<\/p>\n","protected":false},"excerpt":{"rendered":"P\u0113c spo\u017eas debijas sezonas, kas nosl\u0113dz\u0101s ar vair\u0101k nek\u0101 desmit izp\u0101rdotiem vakariem, Art\u016brs Cingujevs atgrie\u017eas ar jaunu muzik\u0101lu&hellip;\n","protected":false},"author":2,"featured_media":16896,"comment_status":"","ping_status":"","sticky":false,"template":"","format":"standard","meta":{"footnotes":""},"categories":[19],"tags":[89,90,2017,35,39,38,36,37,34,40,2680],"class_list":{"0":"post-16895","1":"post","2":"type-post","3":"status-publish","4":"format-standard","5":"has-post-thumbnail","7":"category-izklaide","8":"tag-entertainment","9":"tag-izklaide","10":"tag-koncerti","11":"tag-latvia","12":"tag-latvian","13":"tag-latviesu","14":"tag-latviesu-valoda","15":"tag-latviesuvaloda","16":"tag-latvija","17":"tag-lv","18":"tag-pasakumi"},"share_on_mastodon":{"url":"","error":""},"_links":{"self":[{"href":"https:\/\/www.europesays.com\/lv\/wp-json\/wp\/v2\/posts\/16895","targetHints":{"allow":["GET"]}}],"collection":[{"href":"https:\/\/www.europesays.com\/lv\/wp-json\/wp\/v2\/posts"}],"about":[{"href":"https:\/\/www.europesays.com\/lv\/wp-json\/wp\/v2\/types\/post"}],"author":[{"embeddable":true,"href":"https:\/\/www.europesays.com\/lv\/wp-json\/wp\/v2\/users\/2"}],"replies":[{"embeddable":true,"href":"https:\/\/www.europesays.com\/lv\/wp-json\/wp\/v2\/comments?post=16895"}],"version-history":[{"count":0,"href":"https:\/\/www.europesays.com\/lv\/wp-json\/wp\/v2\/posts\/16895\/revisions"}],"wp:featuredmedia":[{"embeddable":true,"href":"https:\/\/www.europesays.com\/lv\/wp-json\/wp\/v2\/media\/16896"}],"wp:attachment":[{"href":"https:\/\/www.europesays.com\/lv\/wp-json\/wp\/v2\/media?parent=16895"}],"wp:term":[{"taxonomy":"category","embeddable":true,"href":"https:\/\/www.europesays.com\/lv\/wp-json\/wp\/v2\/categories?post=16895"},{"taxonomy":"post_tag","embeddable":true,"href":"https:\/\/www.europesays.com\/lv\/wp-json\/wp\/v2\/tags?post=16895"}],"curies":[{"name":"wp","href":"https:\/\/api.w.org\/{rel}","templated":true}]}}