{"id":16943,"date":"2025-10-09T13:46:08","date_gmt":"2025-10-09T13:46:08","guid":{"rendered":"https:\/\/www.europesays.com\/lv\/16943\/"},"modified":"2025-10-09T13:46:08","modified_gmt":"2025-10-09T13:46:08","slug":"cehijas-parlamenta-velesanu-uzvaretajs-babiss-sazvanijies-ar-zelenski","status":"publish","type":"post","link":"https:\/\/www.europesays.com\/lv\/16943\/","title":{"rendered":"\u010cehijas parlamenta v\u0113l\u0113\u0161anu uzvar\u0113t\u0101js Babi\u0161s sazvan\u012bjies ar Zelenski"},"content":{"rendered":"<p>&#8220;Tikko run\u0101ju ar Ukrainas prezidentu Volodimiru Zelenski, m\u0113s jau esam tiku\u0161ies tr\u012bs reizes, p\u0113d\u0113jo reizi 2019. gada novembr\u012b Kijiv\u0101,&#8221; platform\u0101 &#8220;X&#8221; pauda biju\u0161ais premjerministrs Babi\u0161s, kura vad\u012bt\u0101 partija &#8220;Neapmierin\u0101to pilso\u0146u akcija&#8221; (ANO) v\u0113l\u0113\u0161an\u0101s sestdien sa\u0146\u0113ma visvair\u0101k balsu.<\/p>\n<p>&#8220;Priec\u0101jos, ka vi\u0146\u0161 ar mani sazin\u0101j\u0101s un raksturoja patlaban\u0113jo situ\u0101ciju,&#8221; nor\u0101d\u012bja ekspremjers.<\/p>\n<p>&#8220;Es paudu m\u016bsu atbalstu un v\u0113lmi, lai kar\u0161 beigtos p\u0113c iesp\u0113jas \u0101tr\u0101k. M\u0113s ar\u012b vienoj\u0101mies &#8211; ja viss san\u0101ks veiksm\u012bgi, n\u0101kamgad es ierad\u012b\u0161os Ukrain\u0101 un m\u0113s visu apspried\u012bsim kl\u0101tien\u0113,&#8221; pauda Babi\u0161s.<\/p>\n<p>Populistu partija ANO v\u0113l\u0113\u0161an\u0101s sestdien ieguva 35%, nodro\u0161inot 80 no 200 parlamenta viet\u0101m. Babi\u0161s paudis v\u0113lmi izveidot maz\u0101kuma vald\u012bbu ar divu nelielu partiju atbalstu.<\/p>\n","protected":false},"excerpt":{"rendered":"&#8220;Tikko run\u0101ju ar Ukrainas prezidentu Volodimiru Zelenski, m\u0113s jau esam tiku\u0161ies tr\u012bs reizes, p\u0113d\u0113jo reizi 2019. gada novembr\u012b&hellip;\n","protected":false},"author":2,"featured_media":16944,"comment_status":"","ping_status":"","sticky":false,"template":"","format":"standard","meta":{"footnotes":""},"categories":[5],"tags":[23,4716,28,29,2561,32,33,22,74,30,31,35,39,38,36,37,34,40,20,26,27,24,25,178,21],"class_list":{"0":"post-16943","1":"post","2":"type-post","3":"status-publish","4":"format-standard","5":"has-post-thumbnail","7":"category-aktualitates","8":"tag-aktualitates","9":"tag-andrejs-babiss","10":"tag-breaking-news","11":"tag-breakingnews","12":"tag-cehija","13":"tag-featured-news","14":"tag-featurednews","15":"tag-headlines","16":"tag-krievijas-iebrukums-ukraina","17":"tag-latest-news","18":"tag-latestnews","19":"tag-latvia","20":"tag-latvian","21":"tag-latviesu","22":"tag-latviesu-valoda","23":"tag-latviesuvaloda","24":"tag-latvija","25":"tag-lv","26":"tag-news","27":"tag-popularakas-zinas","28":"tag-popularakaszinas","29":"tag-top-stories","30":"tag-topstories","31":"tag-volodimirs-zelenskis","32":"tag-zinas"},"share_on_mastodon":{"url":"","error":""},"_links":{"self":[{"href":"https:\/\/www.europesays.com\/lv\/wp-json\/wp\/v2\/posts\/16943","targetHints":{"allow":["GET"]}}],"collection":[{"href":"https:\/\/www.europesays.com\/lv\/wp-json\/wp\/v2\/posts"}],"about":[{"href":"https:\/\/www.europesays.com\/lv\/wp-json\/wp\/v2\/types\/post"}],"author":[{"embeddable":true,"href":"https:\/\/www.europesays.com\/lv\/wp-json\/wp\/v2\/users\/2"}],"replies":[{"embeddable":true,"href":"https:\/\/www.europesays.com\/lv\/wp-json\/wp\/v2\/comments?post=16943"}],"version-history":[{"count":0,"href":"https:\/\/www.europesays.com\/lv\/wp-json\/wp\/v2\/posts\/16943\/revisions"}],"wp:featuredmedia":[{"embeddable":true,"href":"https:\/\/www.europesays.com\/lv\/wp-json\/wp\/v2\/media\/16944"}],"wp:attachment":[{"href":"https:\/\/www.europesays.com\/lv\/wp-json\/wp\/v2\/media?parent=16943"}],"wp:term":[{"taxonomy":"category","embeddable":true,"href":"https:\/\/www.europesays.com\/lv\/wp-json\/wp\/v2\/categories?post=16943"},{"taxonomy":"post_tag","embeddable":true,"href":"https:\/\/www.europesays.com\/lv\/wp-json\/wp\/v2\/tags?post=16943"}],"curies":[{"name":"wp","href":"https:\/\/api.w.org\/{rel}","templated":true}]}}