{"id":169638,"date":"2026-04-02T09:02:07","date_gmt":"2026-04-02T09:02:07","guid":{"rendered":"https:\/\/www.europesays.com\/lv\/169638\/"},"modified":"2026-04-02T09:02:07","modified_gmt":"2026-04-02T09:02:07","slug":"ar-masalam-saslimis-vel-viens-berns","status":"publish","type":"post","link":"https:\/\/www.europesays.com\/lv\/169638\/","title":{"rendered":"Ar masal\u0101m saslimis v\u0113l viens b\u0113rns"},"content":{"rendered":"<p>Centra sniegt\u0101 inform\u0101cija liecina, ka saslimis v\u0113l viens b\u0113rns.<\/p>\n<p>Kopum\u0101 saslimu\u0161i 13 b\u0113rni vecum\u0101 no se\u0161iem l\u012bdz desmit gadiem, 13 &#8211; vecum\u0101 no 11 l\u012bdz 15 gadiem, bet viens saslimu\u0161ais ir no 16 l\u012bdz 20 gadus vecs.<\/p>\n<p>Visi p\u0101r\u0113jie ir pieaugu\u0161ie, tostarp viens 31 l\u012bdz 35 gadus vecs, divi 36 l\u012bdz 40 gadus veci, tr\u012bs vecum\u0101 no 41 l\u012bdz 45 gadiem, v\u0113l tr\u012bs 46 l\u012bdz 50 gadus veci un viens 51 l\u012bdz 55 gadus vecs.<\/p>\n<p>Jau v\u0113st\u012bts, ka liela da\u013ca saslimu\u0161o ir R\u012bgas Valdorfskolas audz\u0113k\u0146i.<\/p>\n<p><a href=\"https:\/\/www.apollo.lv\/term\/571049\/spkc\" class=\"topicLink\" target=\"_blank\" rel=\"nofollow noopener\">SPKC<\/a> aicina vec\u0101kus un \u0123imenes \u0101rstus p\u0101rbaud\u012bt b\u0113rnu vakcin\u0101cijas statusu. Atbilsto\u0161i vakcin\u0101cijas kalend\u0101ram pirm\u0101 vakcin\u0101cija veicama 12 l\u012bdz 15 m\u0113ne\u0161u vecum\u0101, bet revakcin\u0101cija &#8211; septi\u0146u gadu vecum\u0101.<\/p>\n<p>Ja vakcin\u0101cija nav veikta atbilsto\u0161aj\u0101 vecum\u0101, person\u0101m ir iesp\u0113ja to sa\u0146emt k\u0101 valsts apmaks\u0101tu vesel\u012bbas apr\u016bpes pakalpojumu l\u012bdz 25 gadu vecumam.<\/p>\n<p>SPKC atg\u0101dina, ka <a href=\"https:\/\/www.apollo.lv\/term\/572807\/masalas\" class=\"topicLink\" target=\"_blank\" rel=\"nofollow noopener\">masalas<\/a> ir \u013coti infekcioza v\u012brusu slim\u012bba, kas galvenok\u0101rt izplat\u0101s gaisa ce\u013c\u0101 ar s\u012bkiem elpce\u013cu pilieniem, kas var palikt iek\u0161telpu gais\u0101. L\u012bdz ar to infic\u0113\u0161an\u0101s iesp\u0113jama ne tikai tie\u0161\u0101 kontakt\u0101 ar saslimu\u0161o, bet ar\u012b, uzturoties telp\u0101s, kur\u0101s masalu slimnieks atradies p\u0113d\u0113jo divu stundu laik\u0101.<\/p>\n<p>Ja par\u0101d\u0101s masal\u0101m rakstur\u012bgas slim\u012bbas paz\u012bmes &#8211; paaugstin\u0101ta \u0137erme\u0146a temperat\u016bra, iesnas, klepus, acu aps\u0101rtums un v\u0113l\u0101k sarkani plankumaini izsitumi uz \u0101das -, stingri ieteicams palikt m\u0101j\u0101s, sazin\u0101ties ar \u0101rstu, inform\u0113t par iesp\u0113jamo infic\u0113\u0161an\u0101s risku un r\u016bp\u012bgi iev\u0113rot \u0101rsta sniegtos nor\u0101d\u012bjumus.<\/p>\n","protected":false},"excerpt":{"rendered":"Centra sniegt\u0101 inform\u0101cija liecina, ka saslimis v\u0113l viens b\u0113rns. Kopum\u0101 saslimu\u0161i 13 b\u0113rni vecum\u0101 no se\u0161iem l\u012bdz desmit&hellip;\n","protected":false},"author":2,"featured_media":169639,"comment_status":"","ping_status":"","sticky":false,"template":"","format":"standard","meta":{"footnotes":"","_share_on_mastodon":"0"},"categories":[12],"tags":[23,28,29,32,33,22,30,31,35,39,38,36,37,34,40,31683,20,26,27,1580,24,25,21],"class_list":["post-169638","post","type-post","status-publish","format-standard","has-post-thumbnail","category-latvija","tag-aktualitates","tag-breaking-news","tag-breakingnews","tag-featured-news","tag-featurednews","tag-headlines","tag-latest-news","tag-latestnews","tag-latvia","tag-latvian","tag-latviesu","tag-latviesu-valoda","tag-latviesuvaloda","tag-latvija","tag-lv","tag-masalas","tag-news","tag-popularakas-zinas","tag-popularakaszinas","tag-spkc","tag-top-stories","tag-topstories","tag-zinas"],"share_on_mastodon":{"url":"https:\/\/pubeurope.com\/@lv\/116334306526365511","error":""},"_links":{"self":[{"href":"https:\/\/www.europesays.com\/lv\/wp-json\/wp\/v2\/posts\/169638","targetHints":{"allow":["GET"]}}],"collection":[{"href":"https:\/\/www.europesays.com\/lv\/wp-json\/wp\/v2\/posts"}],"about":[{"href":"https:\/\/www.europesays.com\/lv\/wp-json\/wp\/v2\/types\/post"}],"author":[{"embeddable":true,"href":"https:\/\/www.europesays.com\/lv\/wp-json\/wp\/v2\/users\/2"}],"replies":[{"embeddable":true,"href":"https:\/\/www.europesays.com\/lv\/wp-json\/wp\/v2\/comments?post=169638"}],"version-history":[{"count":0,"href":"https:\/\/www.europesays.com\/lv\/wp-json\/wp\/v2\/posts\/169638\/revisions"}],"wp:featuredmedia":[{"embeddable":true,"href":"https:\/\/www.europesays.com\/lv\/wp-json\/wp\/v2\/media\/169639"}],"wp:attachment":[{"href":"https:\/\/www.europesays.com\/lv\/wp-json\/wp\/v2\/media?parent=169638"}],"wp:term":[{"taxonomy":"category","embeddable":true,"href":"https:\/\/www.europesays.com\/lv\/wp-json\/wp\/v2\/categories?post=169638"},{"taxonomy":"post_tag","embeddable":true,"href":"https:\/\/www.europesays.com\/lv\/wp-json\/wp\/v2\/tags?post=169638"}],"curies":[{"name":"wp","href":"https:\/\/api.w.org\/{rel}","templated":true}]}}