{"id":16968,"date":"2025-10-09T14:09:04","date_gmt":"2025-10-09T14:09:04","guid":{"rendered":"https:\/\/www.europesays.com\/lv\/16968\/"},"modified":"2025-10-09T14:09:04","modified_gmt":"2025-10-09T14:09:04","slug":"simbolisks-solis-bet-ne-risinajums-centrs-marta-kritize-politiku-alternativu-stambulas-konvencijai","status":"publish","type":"post","link":"https:\/\/www.europesays.com\/lv\/16968\/","title":{"rendered":"&#8220;Simbolisks solis, bet ne risin\u0101jums&#8221; \u2013 centrs &#8220;Marta&#8221; kritiz\u0113 politi\u0137u alternat\u012bvu Stambulas konvencijai"},"content":{"rendered":"<p>&#8220;Tie\u0161i \u0161\u012b izpratne ir konvencijas b\u016bt\u012bba &#8211; t\u0101 pal\u012bdz risin\u0101t vardarb\u012bbas probl\u0113mu t\u0101s sakn\u0113, ne tikai rea\u0123\u0113t uz sek\u0101m,&#8221; konvencijas b\u016bt\u012bbu skaidro centr\u0101.<\/p>\n<p>Savuk\u0101rt, ja \u0161os aspektus ignor\u0113 un run\u0101 tikai par likumdo\u0161anas tehnisk\u0101m izmai\u0146\u0101m, tas faktiski neizmaina sabiedr\u012bbas priek\u0161status un neizskau\u017e vardarb\u012bbas c\u0113lo\u0146us, uzsver Jonite.<\/p>\n<p>Vienlaikus centr\u0101 pau\u017e, ka pieredze r\u0101da &#8211; viet\u0113jie dokumenti bez starptautiska pamata ir v\u0101ji un viegli atsaucami.<\/p>\n<p>L\u012bdz\u012bgi piem\u0113ri redzami ar\u012b cit\u0101s valst\u012bs &#8211; piem\u0113ram, Turcij\u0101, kur, izst\u0101joties no Stambulas konvencijas un l\u012bdz\u012bgi pie\u0146emot viet\u0113ju dokumentu, ir vienk\u0101r\u0161i izzudu\u0161i statistikas r\u0101d\u012bt\u0101ji un sieviet\u0113m nav dro\u0161as vides, kur zi\u0146ot par vardarb\u012bbu, zin\u0101ja teikt Jonite.<\/p>\n<p>Vi\u0146a pauda viedokli, ka ar\u012b Latvij\u0101 politisk\u0101 prakse neliecina par konsekvenci. &#8220;Tie pa\u0161i politi\u0137i, kas pirms p\u0101ris gadiem atbalst\u012bja noteiktus sol\u012bjumus, \u0161odien tos atce\u013c, un p\u0113d\u0113jo gadu laik\u0101 no opoz\u012bcijas partij\u0101m nav n\u0101cis neviens re\u0101ls priek\u0161likums vardarb\u012bbas mazin\u0101\u0161anas jom\u0101,&#8221; uzskata Jonite.<\/p>\n<p>&#8220;Tikai tagad, kad atkal aktualiz\u0113ts jaut\u0101jums par konvenciju, vi\u0146i ir k\u013cuvu\u0161i akt\u012bv\u0101ki, ta\u010du \u0161\u012b aktivit\u0101te dr\u012bz\u0101k izskat\u0101s p\u0113c populistiskas politiskas kampa\u0146as, nevis p\u0113c ilgtermi\u0146a ap\u0146em\u0161an\u0101s,&#8221; koment\u0113 centr\u0101.<\/p>\n<p>Jau v\u0113st\u012bts, ka septembra izska\u0146\u0101, pateicoties ZZS balsojumam Saeim\u0101 par Stambulas konvencijas denons\u0113\u0161anu, s\u0101k\u0101s izteikta nestabilit\u0101te vald\u012bbas koal\u012bcij\u0101. Koal\u012bcijas partneri gan ap\u0146\u0113mu\u0161ies str\u0101d\u0101t, lai pie\u0146emtu n\u0101kam\u0101 gada &#8220;dro\u0161\u012bbas bud\u017eetu&#8221;, ta\u010du tic\u012bbu Ministru prezidentes Evikas Sili\u0146as (JV) vald\u012bbas sp\u0113jai str\u0101d\u0101t ilgtermi\u0146\u0101 nu jau pau\u017e vien retais politi\u0137is.<\/p>\n","protected":false},"excerpt":{"rendered":"&#8220;Tie\u0161i \u0161\u012b izpratne ir konvencijas b\u016bt\u012bba &#8211; t\u0101 pal\u012bdz risin\u0101t vardarb\u012bbas probl\u0113mu t\u0101s sakn\u0113, ne tikai rea\u0123\u0113t uz&hellip;\n","protected":false},"author":2,"featured_media":16969,"comment_status":"","ping_status":"","sticky":false,"template":"","format":"standard","meta":{"footnotes":""},"categories":[12],"tags":[23,28,29,32,33,22,30,31,35,39,38,36,37,34,40,20,26,27,2023,24,25,21],"class_list":{"0":"post-16968","1":"post","2":"type-post","3":"status-publish","4":"format-standard","5":"has-post-thumbnail","7":"category-latvija","8":"tag-aktualitates","9":"tag-breaking-news","10":"tag-breakingnews","11":"tag-featured-news","12":"tag-featurednews","13":"tag-headlines","14":"tag-latest-news","15":"tag-latestnews","16":"tag-latvia","17":"tag-latvian","18":"tag-latviesu","19":"tag-latviesu-valoda","20":"tag-latviesuvaloda","21":"tag-latvija","22":"tag-lv","23":"tag-news","24":"tag-popularakas-zinas","25":"tag-popularakaszinas","26":"tag-stambulas-konvencija","27":"tag-top-stories","28":"tag-topstories","29":"tag-zinas"},"share_on_mastodon":{"url":"","error":""},"_links":{"self":[{"href":"https:\/\/www.europesays.com\/lv\/wp-json\/wp\/v2\/posts\/16968","targetHints":{"allow":["GET"]}}],"collection":[{"href":"https:\/\/www.europesays.com\/lv\/wp-json\/wp\/v2\/posts"}],"about":[{"href":"https:\/\/www.europesays.com\/lv\/wp-json\/wp\/v2\/types\/post"}],"author":[{"embeddable":true,"href":"https:\/\/www.europesays.com\/lv\/wp-json\/wp\/v2\/users\/2"}],"replies":[{"embeddable":true,"href":"https:\/\/www.europesays.com\/lv\/wp-json\/wp\/v2\/comments?post=16968"}],"version-history":[{"count":0,"href":"https:\/\/www.europesays.com\/lv\/wp-json\/wp\/v2\/posts\/16968\/revisions"}],"wp:featuredmedia":[{"embeddable":true,"href":"https:\/\/www.europesays.com\/lv\/wp-json\/wp\/v2\/media\/16969"}],"wp:attachment":[{"href":"https:\/\/www.europesays.com\/lv\/wp-json\/wp\/v2\/media?parent=16968"}],"wp:term":[{"taxonomy":"category","embeddable":true,"href":"https:\/\/www.europesays.com\/lv\/wp-json\/wp\/v2\/categories?post=16968"},{"taxonomy":"post_tag","embeddable":true,"href":"https:\/\/www.europesays.com\/lv\/wp-json\/wp\/v2\/tags?post=16968"}],"curies":[{"name":"wp","href":"https:\/\/api.w.org\/{rel}","templated":true}]}}