{"id":16970,"date":"2025-10-09T14:10:09","date_gmt":"2025-10-09T14:10:09","guid":{"rendered":"https:\/\/www.europesays.com\/lv\/16970\/"},"modified":"2025-10-09T14:10:09","modified_gmt":"2025-10-09T14:10:09","slug":"jaunas-detalas-par-tragisko-motocikla-avariju-smarde-kura-boja-gaja-berns","status":"publish","type":"post","link":"https:\/\/www.europesays.com\/lv\/16970\/","title":{"rendered":"Jaunas deta\u013cas par tra\u0123isko motocikla av\u0101riju Sm\u0101rd\u0113, kur\u0101 boj\u0101 g\u0101ja b\u0113rns"},"content":{"rendered":"<p>Policijas r\u012bc\u012bb\u0101 eso\u0161\u0101 s\u0101kotn\u0113j\u0101 inform\u0101cija liecina, ka \u0137ivere nav bijusi ar\u012b motocikla vad\u012bt\u0101jam.<\/p>\n<p>T\u0101pat policij\u0101 apliecin\u0101ja, ka abi bija vienas \u0123imenes locek\u013ci.<\/p>\n<p>Jau zi\u0146ots, ka tre\u0161dien ap plkst.19 Tukuma novada Sm\u0101rdes pagast\u0101 pa viet\u0113jas noz\u012bmes ce\u013cu k\u0101ds v\u012brietis vad\u012bja &#8220;Yamaha&#8221; motociklu, b\u016bdams 0,95 promi\u013cu liel\u0101 alkohola reibum\u0101, k\u0101 ar\u012b bez transportl\u012bdzek\u013ca vad\u012b\u0161anas ties\u012bb\u0101m. V\u012brietis netika gal\u0101 ar transportl\u012bdzek\u013ca vad\u012bbu, t\u0101d\u0113\u013c motocikls apg\u0101z\u0101s.<\/p>\n<p>Negad\u012bjum\u0101 dz\u012bv\u012bbu zaud\u0113ja motocikla pasa\u017eieris &#8211; mazgad\u012bgs b\u0113rns. Fiziski cieta ar\u012b motocikla vad\u012bt\u0101js.<\/p>\n<p>Par notiku\u0161o VP ir s\u0101kts krimin\u0101lprocess un tiek noskaidroti visi notiku\u0161\u0101 apst\u0101k\u013ci.<\/p>\n<p>T\u0101pat tre\u0161dien motociklists zaud\u0113jis dz\u012bv\u012bbu negad\u012bjum\u0101 Aizkraukles pus\u0113. Neilgi p\u0113c plkst.14.30 Aizkraukles novada Seces pagast\u0101 uz autoce\u013ca Aizkraukle-J\u0113kabpils k\u0101ds v\u012brietis, braucot ar &#8220;Suzuki&#8221; markas motociklu, nobrauca no ce\u013ca braucam\u0101s da\u013cas un apg\u0101z\u0101s.<\/p>\n<p>Ce\u013cu satiksmes negad\u012bjum\u0101 dz\u012bv\u012bbu zaud\u0113ja motocikla vad\u012bt\u0101js &#8211; 1963.gad\u0101 dzimis v\u012brietis.<\/p>\n","protected":false},"excerpt":{"rendered":"Policijas r\u012bc\u012bb\u0101 eso\u0161\u0101 s\u0101kotn\u0113j\u0101 inform\u0101cija liecina, ka \u0137ivere nav bijusi ar\u012b motocikla vad\u012bt\u0101jam. T\u0101pat policij\u0101 apliecin\u0101ja, ka abi&hellip;\n","protected":false},"author":2,"featured_media":16655,"comment_status":"","ping_status":"","sticky":false,"template":"","format":"standard","meta":{"footnotes":""},"categories":[5],"tags":[23,1465,2849,28,29,32,33,22,30,31,35,39,38,36,37,34,40,5707,20,26,27,24,25,138,21],"class_list":{"0":"post-16970","1":"post","2":"type-post","3":"status-publish","4":"format-standard","5":"has-post-thumbnail","7":"category-aktualitates","8":"tag-aktualitates","9":"tag-autoavarijas","10":"tag-avarija","11":"tag-breaking-news","12":"tag-breakingnews","13":"tag-featured-news","14":"tag-featurednews","15":"tag-headlines","16":"tag-latest-news","17":"tag-latestnews","18":"tag-latvia","19":"tag-latvian","20":"tag-latviesu","21":"tag-latviesu-valoda","22":"tag-latviesuvaloda","23":"tag-latvija","24":"tag-lv","25":"tag-motocikli","26":"tag-news","27":"tag-popularakas-zinas","28":"tag-popularakaszinas","29":"tag-top-stories","30":"tag-topstories","31":"tag-valsts-policija","32":"tag-zinas"},"share_on_mastodon":{"url":"","error":""},"_links":{"self":[{"href":"https:\/\/www.europesays.com\/lv\/wp-json\/wp\/v2\/posts\/16970","targetHints":{"allow":["GET"]}}],"collection":[{"href":"https:\/\/www.europesays.com\/lv\/wp-json\/wp\/v2\/posts"}],"about":[{"href":"https:\/\/www.europesays.com\/lv\/wp-json\/wp\/v2\/types\/post"}],"author":[{"embeddable":true,"href":"https:\/\/www.europesays.com\/lv\/wp-json\/wp\/v2\/users\/2"}],"replies":[{"embeddable":true,"href":"https:\/\/www.europesays.com\/lv\/wp-json\/wp\/v2\/comments?post=16970"}],"version-history":[{"count":0,"href":"https:\/\/www.europesays.com\/lv\/wp-json\/wp\/v2\/posts\/16970\/revisions"}],"wp:featuredmedia":[{"embeddable":true,"href":"https:\/\/www.europesays.com\/lv\/wp-json\/wp\/v2\/media\/16655"}],"wp:attachment":[{"href":"https:\/\/www.europesays.com\/lv\/wp-json\/wp\/v2\/media?parent=16970"}],"wp:term":[{"taxonomy":"category","embeddable":true,"href":"https:\/\/www.europesays.com\/lv\/wp-json\/wp\/v2\/categories?post=16970"},{"taxonomy":"post_tag","embeddable":true,"href":"https:\/\/www.europesays.com\/lv\/wp-json\/wp\/v2\/tags?post=16970"}],"curies":[{"name":"wp","href":"https:\/\/api.w.org\/{rel}","templated":true}]}}