{"id":17017,"date":"2025-10-09T15:11:08","date_gmt":"2025-10-09T15:11:08","guid":{"rendered":"https:\/\/www.europesays.com\/lv\/17017\/"},"modified":"2025-10-09T15:11:08","modified_gmt":"2025-10-09T15:11:08","slug":"18-x-aijas-andrejevas-jubilejas-koncerts-tagadne-ulbroka-izpardots","status":"publish","type":"post","link":"https:\/\/www.europesays.com\/lv\/17017\/","title":{"rendered":"18.X Aijas Andrejevas jubilejas koncerts &#8220;Tagadne&#8221; Ulbrok\u0101 (IZP\u0100RDOTS)"},"content":{"rendered":"<p>18.oktobr\u012b plkst.19.00 Kult\u016bras centr\u0101 \u201cUlbrokas p\u0113rle\u201d dzied\u0101t\u0101ja Aija Andrejeva aicina savus klaus\u012bt\u0101jus uz konceru \u201cTagadne\u201d, ar kuru vi\u0146a atz\u012bm\u0113 20 gadu jubileju uz skatuves. \u0160ie koncerti b\u016bs muzik\u0101ls ce\u013cojums cauri laikiem \u2013 no pirmajiem so\u013ciem l\u012bdz m\u016bsdien\u0101m, akcent\u0113jot gan jauno, gan jau iem\u012b\u013coto repertu\u0101ru. Koncertos skan\u0113s dziesmas no Aijas jaun\u0101k\u0101 albuma \u201cTagadne\u201d, k\u0101 ar\u012b klaus\u012bt\u0101ju iem\u012b\u013cotie hiti no iepriek\u0161\u0113jiem albumiem \u2013 \u201cTu un es\u201d, \u201cEs ie\u0161u t\u0101l\u0101k\u201d, \u201cBl\u0113\u0146as\u201d un citi. Neizpaliks ar\u012b\u00a0daudzas citas\u00a0taut\u0101 labi zin\u0101mas dziesmas,\u00a0kas k\u013cuvu\u0161as par neat\u0146emamu da\u013cu no Aijas muzik\u0101l\u0101s identit\u0101tes.<\/p>\n","protected":false},"excerpt":{"rendered":"18.oktobr\u012b plkst.19.00 Kult\u016bras centr\u0101 \u201cUlbrokas p\u0113rle\u201d dzied\u0101t\u0101ja Aija Andrejeva aicina savus klaus\u012bt\u0101jus uz konceru \u201cTagadne\u201d, ar kuru vi\u0146a&hellip;\n","protected":false},"author":2,"featured_media":17018,"comment_status":"","ping_status":"","sticky":false,"template":"","format":"standard","meta":{"footnotes":""},"categories":[19],"tags":[47,89,90,381,64,35,39,38,36,37,34,40,385,172,382,384,383,21],"class_list":{"0":"post-17017","1":"post","2":"type-post","3":"status-publish","4":"format-standard","5":"has-post-thumbnail","7":"category-izklaide","8":"tag-ekonomika","9":"tag-entertainment","10":"tag-izklaide","11":"tag-jaunumi","12":"tag-kultura","13":"tag-latvia","14":"tag-latvian","15":"tag-latviesu","16":"tag-latviesu-valoda","17":"tag-latviesuvaloda","18":"tag-latvija","19":"tag-lv","20":"tag-pieriga","21":"tag-riga","22":"tag-sabiedriba","23":"tag-sludinajumi","24":"tag-sports-afisa","25":"tag-zinas"},"share_on_mastodon":{"url":"","error":""},"_links":{"self":[{"href":"https:\/\/www.europesays.com\/lv\/wp-json\/wp\/v2\/posts\/17017","targetHints":{"allow":["GET"]}}],"collection":[{"href":"https:\/\/www.europesays.com\/lv\/wp-json\/wp\/v2\/posts"}],"about":[{"href":"https:\/\/www.europesays.com\/lv\/wp-json\/wp\/v2\/types\/post"}],"author":[{"embeddable":true,"href":"https:\/\/www.europesays.com\/lv\/wp-json\/wp\/v2\/users\/2"}],"replies":[{"embeddable":true,"href":"https:\/\/www.europesays.com\/lv\/wp-json\/wp\/v2\/comments?post=17017"}],"version-history":[{"count":0,"href":"https:\/\/www.europesays.com\/lv\/wp-json\/wp\/v2\/posts\/17017\/revisions"}],"wp:featuredmedia":[{"embeddable":true,"href":"https:\/\/www.europesays.com\/lv\/wp-json\/wp\/v2\/media\/17018"}],"wp:attachment":[{"href":"https:\/\/www.europesays.com\/lv\/wp-json\/wp\/v2\/media?parent=17017"}],"wp:term":[{"taxonomy":"category","embeddable":true,"href":"https:\/\/www.europesays.com\/lv\/wp-json\/wp\/v2\/categories?post=17017"},{"taxonomy":"post_tag","embeddable":true,"href":"https:\/\/www.europesays.com\/lv\/wp-json\/wp\/v2\/tags?post=17017"}],"curies":[{"name":"wp","href":"https:\/\/api.w.org\/{rel}","templated":true}]}}