{"id":17029,"date":"2025-10-09T15:24:08","date_gmt":"2025-10-09T15:24:08","guid":{"rendered":"https:\/\/www.europesays.com\/lv\/17029\/"},"modified":"2025-10-09T15:24:08","modified_gmt":"2025-10-09T15:24:08","slug":"eiropas-cempione-telpu-futbola-sacentisies-ar-latviju-riga","status":"publish","type":"post","link":"https:\/\/www.europesays.com\/lv\/17029\/","title":{"rendered":"Eiropas \u010dempione telpu futbol\u0101 sacent\u012bsies ar Latviju R\u012bg\u0101"},"content":{"rendered":"<p>Ma\u010di notiks tr\u012bs m\u0113ne\u0161us pirms gaid\u0101m\u0101 Eiropas \u010dempion\u0101ta fin\u0101lturn\u012bra atkl\u0101\u0161anas R\u012bg\u0101.<\/p>\n<p>Sp\u0113les notiks jaunaj\u0101 Komandu sporta sp\u0113\u013cu hall\u0113 R\u012bg\u0101, kur Latvijas izlase l\u012bdz \u0161im v\u0113l nav sp\u0113l\u0113jusi.<\/p>\n<p>Galvenais treneris Masimilj\u0101no Bellarte sast\u0101v\u0101 pulc\u0113jis sp\u0113l\u0113t\u0101jus no \u010detriem pa\u0161m\u0101ju klubiem, k\u0101 ar\u012b komand\u0101m Be\u013c\u0123ij\u0101, Polij\u0101, It\u0101lij\u0101 un Portug\u0101l\u0113. Sal\u012bdzin\u0101jum\u0101 ar neseno p\u0101rbaudes turn\u012bru Indon\u0113zij\u0101 \u0161aj\u0101 izsaukum\u0101 nav iek\u013cauti traum\u0113tais \u0145ikita Jelagovs, Daniils Fogels un Em\u012bls Atma\u0146ukovs, bet kl\u0101t n\u0101ku\u0161i Renards \u016adris, Artemijs Pi\u013cip\u010duks un Robins Kokar\u012btis, kuriem \u0161is ir pirmais izsaukums uz valstsvien\u012bbu.<\/p>\n<p>Portug\u0101les telpu futbola izlase par Eiropas \u010dempioni k\u013cuvusi iepriek\u0161\u0113j\u0101s divas reizes p\u0113c k\u0101rtas, bet pa vidu 2021. gad\u0101 t\u0101 uzvar\u0113ja ar\u012b Pasaules kausa fin\u0101lturn\u012br\u0101. Pasaules rang\u0101 Portug\u0101les izlase atrodas otraj\u0101 viet\u0101 aiz Braz\u012blijas, bet Latvija ir 60. poz\u012bcij\u0101.<\/p>\n<p>Septembr\u012b Latvijas telpu futbolisti k\u013cuva par p\u0101rbaudes sp\u0113\u013cu turn\u012bra uzvar\u0113t\u0101jiem Indon\u0113zij\u0101, p\u0101rsp\u0113jot m\u0101jiniekus, N\u012bderlandi un Tanz\u0101niju, bet iepriek\u0161 \u0161ogad p\u0101rbaudes ma\u010dos sam\u0113roti sp\u0113ki ar\u012b ar Ung\u0101riju un Lietuvu.<\/p>\n<p>Eiropas \u010dempion\u0101ta fin\u0101lturn\u012brs telpu futbol\u0101 2026. gad\u0101 pirmo reizi v\u0113stur\u0113 norisin\u0101sies tr\u012bs valst\u012bs &#8211; Latvij\u0101, Lietuv\u0101 un Slov\u0113nij\u0101. Turn\u012bra atkl\u0101\u0161anas sp\u0113le paredz\u0113ta 21. janv\u0101r\u012b R\u012bg\u0101, &#8220;Xiaomi Ar\u0113n\u0101&#8221;, bet apak\u0161grupu izloze notiks 24. oktobr\u012b Kau\u0146\u0101.<\/p>\n<p>Latvijas telpu futbola izlases kandid\u0101tu saraksts pirms p\u0101rbaudes sp\u0113l\u0113m ar Portug\u0101li:<\/p>\n<p>v\u0101rtsargi &#8211; Rainers M\u016brnieks, Igors Labuts (abi &#8211; &#8220;Riga&#8221;), Artjoms Kri\u017eanovskis (&#8220;Nikers&#8221;);<\/p>\n<p>univers\u0101lie sp\u0113l\u0113t\u0101ji &#8211; Edgars Tarakanovs (&#8220;Anderlecht&#8221;, Be\u013c\u0123ija), Artjoms Troickis (Bjalistokas &#8220;Jagiellonia&#8221;, Polija), Andrejs Baklanovs (&#8220;Genova&#8221;, It\u0101lija), Miks Babris (&#8220;Famalicao&#8221;, Portug\u0101le), Artemijs Pi\u013cip\u010duks, And\u017eejs Mick\u0113vi\u010ds, Viktors Ku\u013cepovs, Renards \u016adris (visi &#8211; &#8220;Riga&#8221;), Sergejs Moti\u013cs, Germans Matju\u0161enko (abi &#8211; &#8220;Beitar&#8221;), Maksims Potlovs (&#8220;Daugavpils Futbola skola&#8221;), Robins Kokar\u012btis (&#8220;Nikers&#8221;).<\/p>\n","protected":false},"excerpt":{"rendered":"Ma\u010di notiks tr\u012bs m\u0113ne\u0161us pirms gaid\u0101m\u0101 Eiropas \u010dempion\u0101ta fin\u0101lturn\u012bra atkl\u0101\u0161anas R\u012bg\u0101. Sp\u0113les notiks jaunaj\u0101 Komandu sporta sp\u0113\u013cu hall\u0113&hellip;\n","protected":false},"author":2,"featured_media":17030,"comment_status":"","ping_status":"","sticky":false,"template":"","format":"standard","meta":{"footnotes":""},"categories":[17],"tags":[35,39,38,36,37,34,40,67,2313],"class_list":{"0":"post-17029","1":"post","2":"type-post","3":"status-publish","4":"format-standard","5":"has-post-thumbnail","7":"category-sports","8":"tag-latvia","9":"tag-latvian","10":"tag-latviesu","11":"tag-latviesu-valoda","12":"tag-latviesuvaloda","13":"tag-latvija","14":"tag-lv","15":"tag-sports","16":"tag-telpu-futbols"},"share_on_mastodon":{"url":"","error":""},"_links":{"self":[{"href":"https:\/\/www.europesays.com\/lv\/wp-json\/wp\/v2\/posts\/17029","targetHints":{"allow":["GET"]}}],"collection":[{"href":"https:\/\/www.europesays.com\/lv\/wp-json\/wp\/v2\/posts"}],"about":[{"href":"https:\/\/www.europesays.com\/lv\/wp-json\/wp\/v2\/types\/post"}],"author":[{"embeddable":true,"href":"https:\/\/www.europesays.com\/lv\/wp-json\/wp\/v2\/users\/2"}],"replies":[{"embeddable":true,"href":"https:\/\/www.europesays.com\/lv\/wp-json\/wp\/v2\/comments?post=17029"}],"version-history":[{"count":0,"href":"https:\/\/www.europesays.com\/lv\/wp-json\/wp\/v2\/posts\/17029\/revisions"}],"wp:featuredmedia":[{"embeddable":true,"href":"https:\/\/www.europesays.com\/lv\/wp-json\/wp\/v2\/media\/17030"}],"wp:attachment":[{"href":"https:\/\/www.europesays.com\/lv\/wp-json\/wp\/v2\/media?parent=17029"}],"wp:term":[{"taxonomy":"category","embeddable":true,"href":"https:\/\/www.europesays.com\/lv\/wp-json\/wp\/v2\/categories?post=17029"},{"taxonomy":"post_tag","embeddable":true,"href":"https:\/\/www.europesays.com\/lv\/wp-json\/wp\/v2\/tags?post=17029"}],"curies":[{"name":"wp","href":"https:\/\/api.w.org\/{rel}","templated":true}]}}