{"id":17071,"date":"2025-10-09T16:58:08","date_gmt":"2025-10-09T16:58:08","guid":{"rendered":"https:\/\/www.europesays.com\/lv\/17071\/"},"modified":"2025-10-09T16:58:08","modified_gmt":"2025-10-09T16:58:08","slug":"jauna-vienotiba-atbalsta-visus-veidus-kas-palidz-cinities-pret-vardarbibu","status":"publish","type":"post","link":"https:\/\/www.europesays.com\/lv\/17071\/","title":{"rendered":"&#8220;Jaun\u0101 vienot\u012bba&#8221; atbalsta visus veidus, kas pal\u012bdz c\u012bn\u012bties pret vardarb\u012bbu"},"content":{"rendered":"<p>Jur\u0113vics uzsv\u0113ra, ka frakcija ir gatava diskut\u0113t par jebkuru l\u0113mumprojektu, kas v\u0113rsts uz vardarb\u012bbas mazin\u0101\u0161anu, ta\u010du nepie\u013caus, ka deklarat\u012bvi dokumenti tiek izmantoti, lai piesegtu v\u0113lmi izst\u0101ties no b\u016btiska starptautiska l\u012bguma.<\/p>\n<p>JV paliek konsekventa, atbalstot visus efekt\u012bvus veidus, kas pal\u012bdz c\u012bn\u012bties pret vardarb\u012bbu Latvij\u0101, uzsv\u0113ra politi\u0137is.<\/p>\n<p>Jau zi\u0146ots, ka Nacion\u0101l\u0101s apvien\u012bbas (NA), Za\u013co un zemnieku savien\u012bbas (ZZS) un &#8220;Apvienot\u0101 saraksta&#8221; (AS) deput\u0101ti parakst\u012bju\u0161i un Saeim\u0101 iesniegu\u0161i deklar\u0101ciju, kas apliecina valsts ap\u0146\u0113m\u012bbu m\u0113r\u0137tiec\u012bgi r\u012bkoties, lai aizsarg\u0101tu ikvienu no vardarb\u012bbas, \u012bpa\u0161i sievietes un b\u0113rnus, k\u0101 ar\u012b paredz atbilsto\u0161u risin\u0101jumu ievie\u0161anu likumdo\u0161anas l\u012bmen\u012b.<\/p>\n<p>Parlament\u0101rie\u0161i ceturtdienas Saeimas s\u0113d\u0113 nol\u0113ma, ka deput\u0101tu sagatavotais l\u0113muma projekts iek\u013caujams n\u0101kam\u0101s, 16. oktobra, Saeimas s\u0113des darba k\u0101rt\u012bb\u0101. Par to nobalsoja 79 deput\u0101ti, &#8220;pret&#8221; balsoja vien &#8220;Progres\u012bvie&#8221;.<\/p>\n<p>Pirms balsojuma par iek\u013cau\u0161anu Saeimas s\u0113des darba k\u0101rt\u012bb\u0101, &#8220;Progres\u012bvo&#8221; Saeimas frakcijas Andris \u0160uvajevs nor\u0101d\u012bja, ka parlament\u0101 esot &#8220;politisk\u0101s amn\u0113zijas br\u012bdis&#8221;. Vi\u0146\u0161 nor\u0101d\u012bja, ka, iesp\u0113jams, deput\u0101ti, kas iesniegu\u0161i \u0161o likumprojektu, ir piemirsu\u0161i, ka pirms diviem gadiem \u0161aj\u0101 parlament\u0101 deput\u0101ti balsoju\u0161i un pie\u0146\u0113mu\u0161i Stambulas konvenciju.<\/p>\n<p>Vi\u0146\u0161 pauda, ka, iesp\u0113jams, \u0161ie deput\u0101ti, nezina, kas patlaban notiek Saeimas \u0100rlietu komisij\u0101 &#8211; proti, tiek v\u0113rt\u0113ta \u0161\u012bs konvencijas ietekme.<\/p>\n<p>Deput\u0101ts nor\u0101d\u012bja, ka Latvij\u0101 sp\u0113k\u0101 jau ir <a href=\"https:\/\/www.tvnet.lv\/term\/610216\/stambulas-konvencija\" class=\"topicLink\" target=\"_blank\" rel=\"nofollow noopener\">Stambulas konvencija<\/a>, uz kuras pamata jau ir izstr\u0101d\u0101ts Vardarb\u012bbas pret sieviet\u0113m un vardarb\u012bbas \u0123imen\u0113 nov\u0113r\u0161anas un apkaro\u0161anas pl\u0101ns turpm\u0101kajiem pieciem gadiem.<\/p>\n","protected":false},"excerpt":{"rendered":"Jur\u0113vics uzsv\u0113ra, ka frakcija ir gatava diskut\u0113t par jebkuru l\u0113mumprojektu, kas v\u0113rsts uz vardarb\u012bbas mazin\u0101\u0161anu, ta\u010du nepie\u013caus, ka&hellip;\n","protected":false},"author":2,"featured_media":17072,"comment_status":"","ping_status":"","sticky":false,"template":"","format":"standard","meta":{"footnotes":""},"categories":[5],"tags":[23,28,29,2734,32,33,22,2608,30,31,35,39,38,36,37,34,40,20,26,27,2023,24,25,21],"class_list":{"0":"post-17071","1":"post","2":"type-post","3":"status-publish","4":"format-standard","5":"has-post-thumbnail","7":"category-aktualitates","8":"tag-aktualitates","9":"tag-breaking-news","10":"tag-breakingnews","11":"tag-edmunds-jurevics","12":"tag-featured-news","13":"tag-featurednews","14":"tag-headlines","15":"tag-jauna-vienotiba","16":"tag-latest-news","17":"tag-latestnews","18":"tag-latvia","19":"tag-latvian","20":"tag-latviesu","21":"tag-latviesu-valoda","22":"tag-latviesuvaloda","23":"tag-latvija","24":"tag-lv","25":"tag-news","26":"tag-popularakas-zinas","27":"tag-popularakaszinas","28":"tag-stambulas-konvencija","29":"tag-top-stories","30":"tag-topstories","31":"tag-zinas"},"share_on_mastodon":{"url":"","error":""},"_links":{"self":[{"href":"https:\/\/www.europesays.com\/lv\/wp-json\/wp\/v2\/posts\/17071","targetHints":{"allow":["GET"]}}],"collection":[{"href":"https:\/\/www.europesays.com\/lv\/wp-json\/wp\/v2\/posts"}],"about":[{"href":"https:\/\/www.europesays.com\/lv\/wp-json\/wp\/v2\/types\/post"}],"author":[{"embeddable":true,"href":"https:\/\/www.europesays.com\/lv\/wp-json\/wp\/v2\/users\/2"}],"replies":[{"embeddable":true,"href":"https:\/\/www.europesays.com\/lv\/wp-json\/wp\/v2\/comments?post=17071"}],"version-history":[{"count":0,"href":"https:\/\/www.europesays.com\/lv\/wp-json\/wp\/v2\/posts\/17071\/revisions"}],"wp:featuredmedia":[{"embeddable":true,"href":"https:\/\/www.europesays.com\/lv\/wp-json\/wp\/v2\/media\/17072"}],"wp:attachment":[{"href":"https:\/\/www.europesays.com\/lv\/wp-json\/wp\/v2\/media?parent=17071"}],"wp:term":[{"taxonomy":"category","embeddable":true,"href":"https:\/\/www.europesays.com\/lv\/wp-json\/wp\/v2\/categories?post=17071"},{"taxonomy":"post_tag","embeddable":true,"href":"https:\/\/www.europesays.com\/lv\/wp-json\/wp\/v2\/tags?post=17071"}],"curies":[{"name":"wp","href":"https:\/\/api.w.org\/{rel}","templated":true}]}}