{"id":17108,"date":"2025-10-09T18:24:10","date_gmt":"2025-10-09T18:24:10","guid":{"rendered":"https:\/\/www.europesays.com\/lv\/17108\/"},"modified":"2025-10-09T18:24:10","modified_gmt":"2025-10-09T18:24:10","slug":"kalns-atstadinats-no-audas-galvena-trenera-amata","status":"publish","type":"post","link":"https:\/\/www.europesays.com\/lv\/17108\/","title":{"rendered":"Kalns atst\u0101din\u0101ts no &#8220;Audas&#8221; galven\u0101 trenera amata"},"content":{"rendered":"<p>T\u0101pat atlaisti vi\u0146a asistenti Ren\u0101rs Rode un v\u0101rtsargu treneris Entonijs Makmalens.<\/p>\n<p>&#8220;Auda&#8221; \u0161obr\u012bd virsl\u012bg\u0101 ie\u0146em piekto vietu, un, ja Latvijas kaus\u0101 neuzvar\u0113s &#8220;Riga&#8221; komandu, ar to nepietiks, lai n\u0101kamsezon sp\u0113l\u0113tu UEFA Konferences l\u012bgas kvalifik\u0101cij\u0101. Ceturtaj\u0101 poz\u012bcij\u0101 eso\u0161\u0101 &#8220;Daugavpils&#8221; ir divu punktu att\u0101lum\u0101.<\/p>\n<p>Kalns &#8220;Audas&#8221; gro\u017eus p\u0101r\u0146\u0113ma pirms \u0161\u012bs sezonas, bet pirms tam vi\u0146\u0161 kop\u0161 p\u0113rn\u0101 gada j\u016bnija str\u0101d\u0101ja Kambod\u017e\u0101, kur vad\u012bja &#8220;Visakha&#8221; komandu. Janv\u0101ra beig\u0101s vi\u0146a un &#8220;Visakha&#8221; vien\u012bbas ce\u013ci \u0161\u0137\u012br\u0101s.<\/p>\n<p>Pirms pievieno\u0161an\u0101s &#8220;Visakha&#8221; Kalns vad\u012bja Latvijas klubu &#8220;Valmiera&#8221;, ar kuru vi\u0146\u0161 2022. gad\u0101 izc\u012bn\u012bja vien\u012bbas v\u0113stur\u0113 pirmo \u010dempiona titulu. Iepriek\u0161 vi\u0146\u0161 tren\u0113jis ar\u012b &#8220;Audu&#8221;, Salaspils &#8220;Super Nova&#8221; un &#8220;Tukums 2000&#8221;, tukumniekiem pal\u012bdzot uzvar\u0113t Latvijas p\u0113c sp\u0113ka otraj\u0101 l\u012bg\u0101.<\/p>\n<p>Profesion\u0101la futbolista karjeras laik\u0101 biju\u0161ais uzbruc\u0113js Kalns ir p\u0101rst\u0101v\u0113ja &#8220;Liep\u0101jas Metalurgu&#8221;, &#8220;Ventspili&#8221;, &#8220;J\u016brmalu&#8221;, &#8220;Metta&#8221; un &#8220;Audu&#8221;.<\/p>\n","protected":false},"excerpt":{"rendered":"T\u0101pat atlaisti vi\u0146a asistenti Ren\u0101rs Rode un v\u0101rtsargu treneris Entonijs Makmalens. &#8220;Auda&#8221; \u0161obr\u012bd virsl\u012bg\u0101 ie\u0146em piekto vietu, un,&hellip;\n","protected":false},"author":2,"featured_media":17109,"comment_status":"","ping_status":"","sticky":false,"template":"","format":"standard","meta":{"footnotes":""},"categories":[17],"tags":[713,35,39,38,36,37,34,40,1297,67],"class_list":{"0":"post-17108","1":"post","2":"type-post","3":"status-publish","4":"format-standard","5":"has-post-thumbnail","7":"category-sports","8":"tag-futbola-virsliga","9":"tag-latvia","10":"tag-latvian","11":"tag-latviesu","12":"tag-latviesu-valoda","13":"tag-latviesuvaloda","14":"tag-latvija","15":"tag-lv","16":"tag-metta","17":"tag-sports"},"share_on_mastodon":{"url":"","error":""},"_links":{"self":[{"href":"https:\/\/www.europesays.com\/lv\/wp-json\/wp\/v2\/posts\/17108","targetHints":{"allow":["GET"]}}],"collection":[{"href":"https:\/\/www.europesays.com\/lv\/wp-json\/wp\/v2\/posts"}],"about":[{"href":"https:\/\/www.europesays.com\/lv\/wp-json\/wp\/v2\/types\/post"}],"author":[{"embeddable":true,"href":"https:\/\/www.europesays.com\/lv\/wp-json\/wp\/v2\/users\/2"}],"replies":[{"embeddable":true,"href":"https:\/\/www.europesays.com\/lv\/wp-json\/wp\/v2\/comments?post=17108"}],"version-history":[{"count":0,"href":"https:\/\/www.europesays.com\/lv\/wp-json\/wp\/v2\/posts\/17108\/revisions"}],"wp:featuredmedia":[{"embeddable":true,"href":"https:\/\/www.europesays.com\/lv\/wp-json\/wp\/v2\/media\/17109"}],"wp:attachment":[{"href":"https:\/\/www.europesays.com\/lv\/wp-json\/wp\/v2\/media?parent=17108"}],"wp:term":[{"taxonomy":"category","embeddable":true,"href":"https:\/\/www.europesays.com\/lv\/wp-json\/wp\/v2\/categories?post=17108"},{"taxonomy":"post_tag","embeddable":true,"href":"https:\/\/www.europesays.com\/lv\/wp-json\/wp\/v2\/tags?post=17108"}],"curies":[{"name":"wp","href":"https:\/\/api.w.org\/{rel}","templated":true}]}}