{"id":17114,"date":"2025-10-09T18:34:08","date_gmt":"2025-10-09T18:34:08","guid":{"rendered":"https:\/\/www.europesays.com\/lv\/17114\/"},"modified":"2025-10-09T18:34:08","modified_gmt":"2025-10-09T18:34:08","slug":"vai-sarunas-ar-trampu-mazinas-tarifu-spriedzi-lente-lv","status":"publish","type":"post","link":"https:\/\/www.europesays.com\/lv\/17114\/","title":{"rendered":"Vai sarunas ar Trampu mazin\u0101s tarifu spriedzi?\u00a0\u2014\u00a0Lente.lv"},"content":{"rendered":"<p>Kan\u0101das premjerministra viz\u012bte ASV: Vai izdosies mazin\u0101t tirdzniec\u012bbas spriedzi?<\/p>\n<p>\u0160oned\u0113\u013c Va\u0161ington\u0101 Kan\u0101das premjerministrs Marks K\u0101rnijs tik\u0101s ar ASV prezidentu Donaldu Trampu, lai risin\u0101tu abu valstu sare\u017e\u0123\u012bt\u0101s tirdzniec\u012bbas attiec\u012bbas, kuras b\u016btiski ietekm\u0113ju\u0161i ASV noteiktie augstie tarifi Kan\u0101das prec\u0113m. \u0160\u012b bija K\u0101rnija otr\u0101 tik\u0161an\u0101s ar Trampu Baltaj\u0101 nam\u0101 kop\u0161 st\u0101\u0161an\u0101s amat\u0101, un t\u0101 notika laik\u0101, kad Kan\u0101das ekonomika izj\u016bt smagu spiedienu no ASV noteiktajiem ievedmuitas nodok\u013ciem.<\/p>\n<p>Tarifu \u0113na p\u0101r abu valstu attiec\u012bb\u0101m<\/p>\n<p>Kop\u0161 ASV prezidents Donalds Tramps 2025. gada j\u016blij\u0101 noteica jaunus, augst\u0101kus tarifus vair\u0101ku desmitu valstu prec\u0113m, Kan\u0101das un ASV attiec\u012bbas ir k\u013cuvu\u0161as saspringtas. Kan\u0101dai noteiktie tarifi, kas sasniedz pat 35% Kan\u0101das t\u0113raudam un alum\u012bnijam, k\u0101 ar\u012b automa\u0161\u012bn\u0101m un ener\u0123ijai, rad\u012bju\u0161i iev\u0113rojamu finansi\u0101lu slogu Kan\u0101das uz\u0146\u0113mumiem. Lai gan liel\u0101k\u0101 da\u013ca Kan\u0101das eksporta joproj\u0101m non\u0101k ASV bez muitas tarifiem saska\u0146\u0101 ar Zieme\u013camerikas br\u012bv\u0101s tirdzniec\u012bbas nol\u012bgumu (CUSMA), \u0161ie specifiskie tarifi ir \u012bpa\u0161i s\u0101p\u012bgi.<\/p>\n<p>Viz\u012btes m\u0113r\u0137i un rezult\u0101ti<\/p>\n<p>Premjerministra K\u0101rnija viz\u012btes galvenais m\u0113r\u0137is bija pan\u0101kt ASV noteikto tarifu samazin\u0101\u0161anu, \u012bpa\u0161i attiec\u012bb\u0101 uz t\u0113rauda, alum\u012bnija un automobi\u013cu nozari. Lai gan sarunas aizrit\u0113ja draudz\u012bg\u0101 gaisotn\u0113, publiski neviens no l\u012bderiem neapstiprin\u0101ja konkr\u0113tus tarifu atcel\u0161anas vai samazin\u0101\u0161anas rezult\u0101tus. Tom\u0113r tika pan\u0101kta vieno\u0161an\u0101s par turpm\u0101ku darbu pie \u201cpriorit\u0101raj\u0101m jom\u0101m\u201d, cen\u0161oties pan\u0101kt vieno\u0161anos par t\u0113rauda, alum\u012bnija un ener\u0123\u0113tikas sektoru. Tiek prognoz\u0113ts, ka diskusijas par \u0161iem jaut\u0101jumiem turpin\u0101sies tuv\u0101kaj\u0101s ned\u0113\u013c\u0101s. K\u0101rlis ar\u012b pauda cer\u012bbu, ka Kan\u0101das loma svar\u012bgu infrastrukt\u016bras projektu, piem\u0113ram, Keystone XL naftas cauru\u013cvada, atjauno\u0161an\u0101 var\u0113tu pal\u012bdz\u0113t uzlabot tirdzniec\u012bbas attiec\u012bbas.<\/p>\n<p>K\u0101rnija un Trampa attiec\u012bbas<\/p>\n<p>Neskatoties uz tirdzniec\u012bbas jaut\u0101jumu sare\u017e\u0123\u012bt\u012bbu, abu l\u012bderu personisk\u0101s attiec\u012bbas \u0161\u0137iet labv\u0113l\u012bgas. Tramps K\u0101rniju raksturojis k\u0101 \u201cpasaules klases l\u012bderi\u201d, savuk\u0101rt K\u0101rnijs Trampu nod\u0113v\u0113jis par \u201ctransform\u0113jo\u0161u prezidentu\u201d. Tom\u0113r K\u0101rnijs iebilda pret Trampa izteikumu par \u201cdabisku konfliktu\u201d starp valst\u012bm, uzsverot, ka ir daudz vair\u0101k jomu, kur\u0101s Kan\u0101da un ASV ir stipr\u0101kas kop\u0101.<\/p>\n<p>Kan\u0101das perspekt\u012bva un n\u0101kotnes izaicin\u0101jumi<\/p>\n<p>Kan\u0101das vald\u012bba ir veikusi vair\u0101kus koncesijas, lai uzlabotu attiec\u012bbas ar ASV, tostarp atce\u013cot da\u013cu pret\u0113jo tarifu un atteicoties no digit\u0101lo pakalpojumu nodok\u013ca. Lai gan viz\u012bte nenesa t\u016bl\u012bt\u0113ju tarifu atvieglojumu, diskusiju turpin\u0101\u0161ana un iesp\u0113jam\u0101 vieno\u0161an\u0101s par atsevi\u0161\u0137iem sektoriem tiek uzskat\u012bta par pan\u0101kumu. Tom\u0113r Kan\u0101das uz\u0146\u0113mumi, \u012bpa\u0161i kokr\u016bpniec\u012bbas un automobi\u013cu ra\u017eo\u0161anas nozar\u0113s, joproj\u0101m saskaras ar izaicin\u0101jumiem, un vi\u0146u cer\u012bbas joproj\u0101m ir v\u0113rstas uz piln\u012bgu tarifu atcel\u0161anu.<\/p>\n","protected":false},"excerpt":{"rendered":"Kan\u0101das premjerministra viz\u012bte ASV: Vai izdosies mazin\u0101t tirdzniec\u012bbas spriedzi? \u0160oned\u0113\u013c Va\u0161ington\u0101 Kan\u0101das premjerministrs Marks K\u0101rnijs tik\u0101s ar ASV&hellip;\n","protected":false},"author":2,"featured_media":17115,"comment_status":"","ping_status":"","sticky":false,"template":"","format":"standard","meta":{"footnotes":""},"categories":[5],"tags":[23,5726,28,29,542,32,33,22,30,31,35,39,38,36,37,34,40,5725,20,26,27,1596,24,25,5727,21],"class_list":{"0":"post-17114","1":"post","2":"type-post","3":"status-publish","4":"format-standard","5":"has-post-thumbnail","7":"category-aktualitates","8":"tag-aktualitates","9":"tag-asv-kanadas-tirdznieciba","10":"tag-breaking-news","11":"tag-breakingnews","12":"tag-donalds-tramps","13":"tag-featured-news","14":"tag-featurednews","15":"tag-headlines","16":"tag-latest-news","17":"tag-latestnews","18":"tag-latvia","19":"tag-latvian","20":"tag-latviesu","21":"tag-latviesu-valoda","22":"tag-latviesuvaloda","23":"tag-latvija","24":"tag-lv","25":"tag-marks-karnijs","26":"tag-news","27":"tag-popularakas-zinas","28":"tag-popularakaszinas","29":"tag-tarifi","30":"tag-top-stories","31":"tag-topstories","32":"tag-vasingtonas-vizite","33":"tag-zinas"},"share_on_mastodon":{"url":"","error":""},"_links":{"self":[{"href":"https:\/\/www.europesays.com\/lv\/wp-json\/wp\/v2\/posts\/17114","targetHints":{"allow":["GET"]}}],"collection":[{"href":"https:\/\/www.europesays.com\/lv\/wp-json\/wp\/v2\/posts"}],"about":[{"href":"https:\/\/www.europesays.com\/lv\/wp-json\/wp\/v2\/types\/post"}],"author":[{"embeddable":true,"href":"https:\/\/www.europesays.com\/lv\/wp-json\/wp\/v2\/users\/2"}],"replies":[{"embeddable":true,"href":"https:\/\/www.europesays.com\/lv\/wp-json\/wp\/v2\/comments?post=17114"}],"version-history":[{"count":0,"href":"https:\/\/www.europesays.com\/lv\/wp-json\/wp\/v2\/posts\/17114\/revisions"}],"wp:featuredmedia":[{"embeddable":true,"href":"https:\/\/www.europesays.com\/lv\/wp-json\/wp\/v2\/media\/17115"}],"wp:attachment":[{"href":"https:\/\/www.europesays.com\/lv\/wp-json\/wp\/v2\/media?parent=17114"}],"wp:term":[{"taxonomy":"category","embeddable":true,"href":"https:\/\/www.europesays.com\/lv\/wp-json\/wp\/v2\/categories?post=17114"},{"taxonomy":"post_tag","embeddable":true,"href":"https:\/\/www.europesays.com\/lv\/wp-json\/wp\/v2\/tags?post=17114"}],"curies":[{"name":"wp","href":"https:\/\/api.w.org\/{rel}","templated":true}]}}