{"id":17116,"date":"2025-10-09T18:36:17","date_gmt":"2025-10-09T18:36:17","guid":{"rendered":"https:\/\/www.europesays.com\/lv\/17116\/"},"modified":"2025-10-09T18:36:17","modified_gmt":"2025-10-09T18:36:17","slug":"vins-jatur-isa-pavada-kolumbusa-nhl-sezonas-prieksvakara-vartsargu-jautajuma-valda-apjukums","status":"publish","type":"post","link":"https:\/\/www.europesays.com\/lv\/17116\/","title":{"rendered":"&#8220;Vi\u0146\u0161 j\u0101tur \u012bs\u0101 pavad\u0101&#8230;&#8221; \u2013 Kolumbus\u0101 NHL sezonas priek\u0161vakar\u0101 v\u0101rtsargu jaut\u0101jum\u0101 valda apjukums"},"content":{"rendered":"<p>Kolumbusas &#8220;<a rel=\"noopener nofollow\" target=\"_blank\" href=\"https:\/\/www.delfi.lv\/temas\/35590341\/blue-jackets\" data-rel-date-range=\"[]\">Blue Jackets<\/a>&#8221; k\u0101rt\u0113jo Nacion\u0101l\u0101s hokeja l\u012bgas (<a rel=\"noopener nofollow\" target=\"_blank\" href=\"https:\/\/www.delfi.lv\/temas\/35213925\/nhl\" data-rel-date-range=\"[]\">NHL<\/a>) sezonu uzs\u0101ks nakt\u012b uz piektdienu. \u0160is gads b\u016bs iz\u0161\u0137iro\u0161s latvie\u0161u v\u0101rtsargam Elvim Merz\u013cikinam, kura l\u012bgum\u0101 atlikusi vairs tikai \u0161\u012b un n\u0101kam\u0101 sezona, ta\u010du vi\u0146a izredzes nostiprin\u0101ties &#8220;Blue Jackets&#8221; pirm\u0101 numura poz\u012bcij\u0101 \u0161obr\u012bd reti kur\u0161 v\u0113rt\u0113 augstu. Sezonas priek\u0161vakar\u0101 gudri netiek ar\u012b komandas treneri&#8230;<\/p>\n<p class=\"m-0\">Seko &#8220;Delfi&#8221; ar\u012b  <a target=\"_blank\" href=\"https:\/\/www.instagram.com\/delfi.lv\/\" rel=\"nofollow noopener\">Instagram<\/a>  un <a target=\"_blank\" href=\"https:\/\/www.youtube.com\/channel\/UCw5foWtcJvAbUm64rv7jwUQ\" rel=\"nofollow noopener\">YouTube<\/a>  profil\u0101 \u2013 pievienojies, lai uzzin\u0101tu svar\u012bg\u0101ko un interesant\u0101ko pirmais!<\/p>\n<p>Publik\u0101cijas saturs vai t\u0101s jebk\u0101da apjoma da\u013ca ir aizsarg\u0101ts autorties\u012bbu objekts Autorties\u012bbu likuma izpratn\u0113, un t\u0101 izmanto\u0161ana bez izdev\u0113ja at\u013caujas ir aizliegta. Vair\u0101k lasi  <a target=\"_blank\" href=\"https:\/\/www.delfi.lv\/noteikumi#autortiesibas\" rel=\"nofollow noopener\">\u0161eit<\/a><script async src=\"\/\/www.instagram.com\/embed.js\"><\/script><\/p>\n","protected":false},"excerpt":{"rendered":"Kolumbusas &#8220;Blue Jackets&#8221; k\u0101rt\u0113jo Nacion\u0101l\u0101s hokeja l\u012bgas (NHL) sezonu uzs\u0101ks nakt\u012b uz piektdienu. \u0160is gads b\u016bs iz\u0161\u0137iro\u0161s latvie\u0161u&hellip;\n","protected":false},"author":2,"featured_media":17117,"comment_status":"","ping_status":"","sticky":false,"template":"","format":"standard","meta":{"footnotes":""},"categories":[17],"tags":[4188,4332,5728,1436,35,39,38,36,37,34,40,835,67],"class_list":{"0":"post-17116","1":"post","2":"type-post","3":"status-publish","4":"format-standard","5":"has-post-thumbnail","7":"category-sports","8":"tag-aizkadra","9":"tag-blue-jackets","10":"tag-delfi-plus","11":"tag-elvis-merzlikins","12":"tag-latvia","13":"tag-latvian","14":"tag-latviesu","15":"tag-latviesu-valoda","16":"tag-latviesuvaloda","17":"tag-latvija","18":"tag-lv","19":"tag-nhl","20":"tag-sports"},"share_on_mastodon":{"url":"","error":""},"_links":{"self":[{"href":"https:\/\/www.europesays.com\/lv\/wp-json\/wp\/v2\/posts\/17116","targetHints":{"allow":["GET"]}}],"collection":[{"href":"https:\/\/www.europesays.com\/lv\/wp-json\/wp\/v2\/posts"}],"about":[{"href":"https:\/\/www.europesays.com\/lv\/wp-json\/wp\/v2\/types\/post"}],"author":[{"embeddable":true,"href":"https:\/\/www.europesays.com\/lv\/wp-json\/wp\/v2\/users\/2"}],"replies":[{"embeddable":true,"href":"https:\/\/www.europesays.com\/lv\/wp-json\/wp\/v2\/comments?post=17116"}],"version-history":[{"count":0,"href":"https:\/\/www.europesays.com\/lv\/wp-json\/wp\/v2\/posts\/17116\/revisions"}],"wp:featuredmedia":[{"embeddable":true,"href":"https:\/\/www.europesays.com\/lv\/wp-json\/wp\/v2\/media\/17117"}],"wp:attachment":[{"href":"https:\/\/www.europesays.com\/lv\/wp-json\/wp\/v2\/media?parent=17116"}],"wp:term":[{"taxonomy":"category","embeddable":true,"href":"https:\/\/www.europesays.com\/lv\/wp-json\/wp\/v2\/categories?post=17116"},{"taxonomy":"post_tag","embeddable":true,"href":"https:\/\/www.europesays.com\/lv\/wp-json\/wp\/v2\/tags?post=17116"}],"curies":[{"name":"wp","href":"https:\/\/api.w.org\/{rel}","templated":true}]}}