{"id":17144,"date":"2025-10-09T19:12:13","date_gmt":"2025-10-09T19:12:13","guid":{"rendered":"https:\/\/www.europesays.com\/lv\/17144\/"},"modified":"2025-10-09T19:12:13","modified_gmt":"2025-10-09T19:12:13","slug":"rallija-superzvaigzne-rovanpere-pametis-wrc","status":"publish","type":"post","link":"https:\/\/www.europesays.com\/lv\/17144\/","title":{"rendered":"Rallija superzvaigzne Rovanpere pamet\u012bs WRC"},"content":{"rendered":"<p>Somijas autosportists Kalle Rovanpere, kur\u0161 karjeras s\u0101kum\u0101 divreiz uzvar\u0113ja Latvijas \u010dempion\u0101t\u0101 rallij\u0101, pamet\u012bs pasaules rallija \u010dempion\u0101tu (WRC) un n\u0101kamgad start\u0113s &#8220;Super Formula&#8221; sac\u012bkst\u0113s Jap\u0101n\u0101, pazi\u0146oja Rovanpere.<\/p>\n<p>2022.gad\u0101 Rovanpere 20 gadu vecum\u0101 k\u013cuva par WRC \u010dempionu un gadu v\u0113l\u0101k atk\u0101rtoja savu pan\u0101kumu. Jau iepriek\u0161\u0113j\u0101 sezon\u0101 vi\u0146\u0161 neaizvad\u012bja pilnu WRC sezonu, piev\u0113r\u0161oties sac\u012bkst\u0113m auto\u0161osej\u0101 un drift\u0101.<\/p>\n<p>P\u0113rn novembr\u012b vi\u0146\u0161 vi\u0146am bija iesp\u0113ja test\u0113t &#8220;Red Bull RB8&#8221; formulu.<\/p>\n<p>&#8220;Super Formula&#8221; sac\u012bkst\u0113s Jap\u0101n\u0101 vi\u0146\u0161 start\u0113s ar pa\u0161reiz p\u0101rst\u0101v\u0113t\u0101s &#8220;Toyota Gazoo&#8221; komandas atbalstu.<\/p>\n<p>\u0160\u012b gada WRC sezon\u0101 tr\u012bs posmus pirms meistarsac\u012bk\u0161u beig\u0101s Rovanpere kopv\u0113rt\u0113jum\u0101 ir tre\u0161ais, zaud\u0113jot saviem komandas biedriem franc\u016bzim Sebastj\u0113nam O\u017ej\u0113 21 punktu un britam Elfinam Evansam 19 punktus.<\/p>\n<p>Rovanpere Latvijas \u010dempion\u0101t\u0101 debit\u0113ja 2015.gad\u0101 14 gadu vecum\u0101.<\/p>\n<p><img decoding=\"async\" src=\"https:\/\/www.europesays.com\/lv\/wp-content\/uploads\/2025\/10\/cc02271528613ec692a3cc39368a6fab.jpg\" title=\"Foto: Gints Ivuskans \/ AFP \/ Scanpix\" alt=\"Foto: Gints Ivuskans \/ AFP \/ Scanpix\"\/><\/p>\n<p class=\"article-img-desc\">Foto: Gints Ivuskans \/ AFP \/ Scanpix<\/p>\n","protected":false},"excerpt":{"rendered":"Somijas autosportists Kalle Rovanpere, kur\u0161 karjeras s\u0101kum\u0101 divreiz uzvar\u0113ja Latvijas \u010dempion\u0101t\u0101 rallij\u0101, pamet\u012bs pasaules rallija \u010dempion\u0101tu (WRC) un&hellip;\n","protected":false},"author":2,"featured_media":17145,"comment_status":"","ping_status":"","sticky":false,"template":"","format":"standard","meta":{"footnotes":""},"categories":[17],"tags":[129,126,5733,35,39,38,36,37,34,40,5734,127,67,5735,128],"class_list":{"0":"post-17144","1":"post","2":"type-post","3":"status-publish","4":"format-standard","5":"has-post-thumbnail","7":"category-sports","8":"tag-__typenameadvicekeyword","9":"tag-id770","10":"tag-id851","11":"tag-latvia","12":"tag-latvian","13":"tag-latviesu","14":"tag-latviesu-valoda","15":"tag-latviesuvaloda","16":"tag-latvija","17":"tag-lv","18":"tag-slugautosports","19":"tag-slugsports","20":"tag-sports","21":"tag-titleautosports","22":"tag-titlesports"},"share_on_mastodon":{"url":"","error":""},"_links":{"self":[{"href":"https:\/\/www.europesays.com\/lv\/wp-json\/wp\/v2\/posts\/17144","targetHints":{"allow":["GET"]}}],"collection":[{"href":"https:\/\/www.europesays.com\/lv\/wp-json\/wp\/v2\/posts"}],"about":[{"href":"https:\/\/www.europesays.com\/lv\/wp-json\/wp\/v2\/types\/post"}],"author":[{"embeddable":true,"href":"https:\/\/www.europesays.com\/lv\/wp-json\/wp\/v2\/users\/2"}],"replies":[{"embeddable":true,"href":"https:\/\/www.europesays.com\/lv\/wp-json\/wp\/v2\/comments?post=17144"}],"version-history":[{"count":0,"href":"https:\/\/www.europesays.com\/lv\/wp-json\/wp\/v2\/posts\/17144\/revisions"}],"wp:featuredmedia":[{"embeddable":true,"href":"https:\/\/www.europesays.com\/lv\/wp-json\/wp\/v2\/media\/17145"}],"wp:attachment":[{"href":"https:\/\/www.europesays.com\/lv\/wp-json\/wp\/v2\/media?parent=17144"}],"wp:term":[{"taxonomy":"category","embeddable":true,"href":"https:\/\/www.europesays.com\/lv\/wp-json\/wp\/v2\/categories?post=17144"},{"taxonomy":"post_tag","embeddable":true,"href":"https:\/\/www.europesays.com\/lv\/wp-json\/wp\/v2\/tags?post=17144"}],"curies":[{"name":"wp","href":"https:\/\/api.w.org\/{rel}","templated":true}]}}