{"id":17160,"date":"2025-10-09T20:11:11","date_gmt":"2025-10-09T20:11:11","guid":{"rendered":"https:\/\/www.europesays.com\/lv\/17160\/"},"modified":"2025-10-09T20:11:11","modified_gmt":"2025-10-09T20:11:11","slug":"eiropas-amatpersonas-krievija-provoces-vel-vairak","status":"publish","type":"post","link":"https:\/\/www.europesays.com\/lv\/17160\/","title":{"rendered":"Eiropas amatpersonas: Krievija provoc\u0113s v\u0113l vair\u0101k"},"content":{"rendered":"<p>&#8220;Putins grib, lai m\u016bsu pilso\u0146i s\u0101k jaut\u0101t &#8211; k\u0101p\u0113c m\u0113s dodam iero\u010dus Ukrainai, ja pieaug draudi m\u016bsu pa\u0161u dro\u0161\u012bbai? Tie\u0161i tas ir vi\u0146a m\u0113r\u0137is,&#8221; teica Bauers.<\/p>\n<p>Vi\u0146\u0161 kl\u0101st\u012bja, ka incidenti ar Krievijas lidma\u0161\u012bn\u0101m NATO gaisa telp\u0101 vai hibr\u012bdoper\u0101cijas, piem\u0113ram, kiberuzbrukumi, dedzin\u0101\u0161anas vai slepkav\u012bbas m\u0113\u0123in\u0101jumi Eirop\u0101, nav jauni, ta\u010du tiem j\u0101piev\u0113r\u0161as bez panikas, bet ar vienotu un koordin\u0113tu reakciju.<\/p>\n<blockquote class=\"quote ck-widget\" contenteditable=\"false\">\n<p>&#8220;Svar\u012bg\u0101kais ir par\u0101d\u012bt, ka m\u0113s redzam, ka rea\u0123\u0113jam kop\u0101 un ka esam gatavi. Ne vienm\u0113r j\u0101\u0161auj &#8211; svar\u012bg\u0101k ir b\u016bt vienotiem,&#8221; vi\u0146\u0161 uzsv\u0113ra.<\/p>\n<\/blockquote>\n<p>Bauers atg\u0101din\u0101ja, ka incidentos Baltijas re\u0123ion\u0101 rea\u0123\u0113ju\u0161i gan It\u0101lijas, gan V\u0101cijas, gan N\u012bderlandes, gan Polijas sp\u0113ki. Vi\u0146\u0161 ar\u012b nor\u0101d\u012bja, ka liel\u0101k\u0101 probl\u0113ma nav naudas tr\u016bkums, bet gan Eiropas aizsardz\u012bbas industrijas nesp\u0113ja pietiekami \u0101tri palielin\u0101t ra\u017eo\u0161anu.<\/p>\n<p>&#8220;Daudziem aizsardz\u012bbas vad\u012bt\u0101jiem ir biezs maks, bet tuk\u0161i plaukti. Nauda vairs nav galvenais ierobe\u017eojums &#8211; probl\u0113ma ir ra\u017eo\u0161anas \u0137\u0113d\u0113s, izejviel\u0101s un jaud\u0101s,&#8221; sac\u012bja biju\u0161ais NATO Milit\u0101r\u0101s komitejas priek\u0161s\u0113d\u0113t\u0101js.<\/p>\n<p>Vi\u0146\u0161 uzsv\u0113ra, ka Rietumiem j\u0101m\u0101c\u0101s no Covid-19 kr\u012bzes, kad tika mobiliz\u0113ti gan valsts, gan priv\u0101tie resursi. P\u0113c Bauera paust\u0101, ja asto\u0146u m\u0113ne\u0161u laik\u0101 var\u0113ja izstr\u0101d\u0101t vakc\u012bnu, tad ar\u012b \u0161\u012bs probl\u0113mas var atrisin\u0101t, ta\u010du j\u0101b\u016bt gribai un fokusam.<\/p>\n<p>P\u0113c Bauera dom\u0101m, Krievijas r\u012bc\u012bba ir da\u013ca no pla\u0161\u0101ka &#8220;psiholo\u0123isk\u0101 kara&#8221; pret NATO valst\u012bm. Vi\u0146apr\u0101t, Putins v\u0113las, lai valstis baid\u012btos, samazin\u0101tu atbalstu Ukrainai. Admir\u0101lis nor\u0101d\u012bja, ka bai\u013cu viet\u0101 j\u0101paliek vienotiem un stipriem.<\/p>\n<p>Latvijas Universit\u0101tes Zin\u0101t\u0146u m\u0101j\u0101 no ceturtdienas l\u012bdz sestdienai notiek &#8220;R\u012bgas konference&#8221;. Foruma diskusiju centr\u0101 ir NATO n\u0101kotne un Eiropas un ASV atbild\u012bbas sadale, kolekt\u012bv\u0101s aizsardz\u012bbas nostiprin\u0101\u0161ana jaunu draudu priek\u0161\u0101, Ukrainas ilgtermi\u0146a dro\u0161\u012bba un Krievijas ierobe\u017eo\u0161ana, k\u0101 ar\u012b Eiropas aizsardz\u012bbas stiprin\u0101\u0161ana ar strat\u0113\u0123isk\u0101m invest\u012bcij\u0101m.<\/p>\n","protected":false},"excerpt":{"rendered":"&#8220;Putins grib, lai m\u016bsu pilso\u0146i s\u0101k jaut\u0101t &#8211; k\u0101p\u0113c m\u0113s dodam iero\u010dus Ukrainai, ja pieaug draudi m\u016bsu pa\u0161u&hellip;\n","protected":false},"author":2,"featured_media":17161,"comment_status":"","ping_status":"","sticky":false,"template":"","format":"standard","meta":{"footnotes":""},"categories":[5],"tags":[23,28,29,32,33,22,74,30,31,35,39,38,36,37,34,40,71,20,26,27,24,25,21],"class_list":{"0":"post-17160","1":"post","2":"type-post","3":"status-publish","4":"format-standard","5":"has-post-thumbnail","7":"category-aktualitates","8":"tag-aktualitates","9":"tag-breaking-news","10":"tag-breakingnews","11":"tag-featured-news","12":"tag-featurednews","13":"tag-headlines","14":"tag-krievijas-iebrukums-ukraina","15":"tag-latest-news","16":"tag-latestnews","17":"tag-latvia","18":"tag-latvian","19":"tag-latviesu","20":"tag-latviesu-valoda","21":"tag-latviesuvaloda","22":"tag-latvija","23":"tag-lv","24":"tag-nato","25":"tag-news","26":"tag-popularakas-zinas","27":"tag-popularakaszinas","28":"tag-top-stories","29":"tag-topstories","30":"tag-zinas"},"share_on_mastodon":{"url":"","error":""},"_links":{"self":[{"href":"https:\/\/www.europesays.com\/lv\/wp-json\/wp\/v2\/posts\/17160","targetHints":{"allow":["GET"]}}],"collection":[{"href":"https:\/\/www.europesays.com\/lv\/wp-json\/wp\/v2\/posts"}],"about":[{"href":"https:\/\/www.europesays.com\/lv\/wp-json\/wp\/v2\/types\/post"}],"author":[{"embeddable":true,"href":"https:\/\/www.europesays.com\/lv\/wp-json\/wp\/v2\/users\/2"}],"replies":[{"embeddable":true,"href":"https:\/\/www.europesays.com\/lv\/wp-json\/wp\/v2\/comments?post=17160"}],"version-history":[{"count":0,"href":"https:\/\/www.europesays.com\/lv\/wp-json\/wp\/v2\/posts\/17160\/revisions"}],"wp:featuredmedia":[{"embeddable":true,"href":"https:\/\/www.europesays.com\/lv\/wp-json\/wp\/v2\/media\/17161"}],"wp:attachment":[{"href":"https:\/\/www.europesays.com\/lv\/wp-json\/wp\/v2\/media?parent=17160"}],"wp:term":[{"taxonomy":"category","embeddable":true,"href":"https:\/\/www.europesays.com\/lv\/wp-json\/wp\/v2\/categories?post=17160"},{"taxonomy":"post_tag","embeddable":true,"href":"https:\/\/www.europesays.com\/lv\/wp-json\/wp\/v2\/tags?post=17160"}],"curies":[{"name":"wp","href":"https:\/\/api.w.org\/{rel}","templated":true}]}}