{"id":17227,"date":"2025-10-09T22:03:09","date_gmt":"2025-10-09T22:03:09","guid":{"rendered":"https:\/\/www.europesays.com\/lv\/17227\/"},"modified":"2025-10-09T22:03:09","modified_gmt":"2025-10-09T22:03:09","slug":"60-velas-pamest-darbu-jaunu-draudu-un-mi-raditas-slodzes-del-lente-lv","status":"publish","type":"post","link":"https:\/\/www.europesays.com\/lv\/17227\/","title":{"rendered":"60% v\u0113las pamest darbu jaunu draudu un MI rad\u012bt\u0101s slodzes d\u0113\u013c\u00a0\u2014\u00a0Lente.lv"},"content":{"rendered":"<p>Cilv\u0113ciskais faktors kiberdro\u0161\u012bb\u0101: 60% speci\u0101listu apsver aizie\u0161anu<\/p>\n<p>Strauji augo\u0161ais kibernoziegumu apjoms un sare\u017e\u0123\u012bt\u012bba rada nepieredz\u0113tu spiedienu uz IT un kiberdro\u0161\u012bbas speci\u0101listiem, liekot daudziem no vi\u0146iem saskarties ar izdeg\u0161anu un pat apsv\u0113rt aizie\u0161anu no profesijas. Jaun\u0101kais Object First p\u0113t\u012bjums atkl\u0101j, ka 84% darbinieku cie\u0161 no p\u0101rm\u0113r\u012bga stresa, ko izraisa past\u0101v\u012bg\u0101s kiberdro\u0161\u012bbas draudu, un gandr\u012bz 60% nopietni dom\u0101 par karjeras mai\u0146u.<\/p>\n<p>Izdeg\u0161anas spir\u0101le: starp nebeidzam\u0101m uzbrukumiem un nere\u0101liem vad\u012bbas standartiem<\/p>\n<p>IT speci\u0101listi bie\u017ei vien non\u0101k nelabv\u0113l\u012bg\u0101 situ\u0101tik\u0101, c\u012bnoties gan pret nemit\u012bgajiem digit\u0101lajiem uzbrukumiem, gan nerealistiskaj\u0101m vad\u012bbas pras\u012bb\u0101m. Papildus tam daudzi ba\u017e\u012bjas par person\u012bgo atbild\u012bbu, ja sist\u0113mu dro\u0161\u012bba tiek kompromit\u0113ta. \u0160is psiholo\u0123iskais spiediens ir milz\u012bgs. P\u0113t\u012bjum\u0101 gandr\u012bz puse respondentu atkl\u0101j, ka p\u0113c incidentiem sastopas ar pras\u012bbu &#8220;salabot visu nekav\u0113joties&#8221;. V\u0113l 18% atz\u012bst, ka uzbrukumu laik\u0101 vai p\u0113c tiem j\u016btas bezsp\u0113c\u012bgi un izsmelti. Past\u0101v\u012bga atbild\u012bba par visas infrastrukt\u016bras aizsardz\u012bbu bez adekv\u0101tiem resursiem noved pie emocion\u0101l\u0101s izdeg\u0161anas un motiv\u0101cijas zuduma.<\/p>\n<blockquote>\n<p>&#8220;Pieaugo\u0161ais stress IT un kiberdro\u0161\u012bbas speci\u0101listu vid\u016b nav tikai person\u0101la noda\u013cu jaut\u0101jums, tas ir drauds uz\u0146\u0113muma notur\u012bbai,&#8221; uzsver Object First izpilddirektors Deivids Benets. &#8220;Ja stresa un izdeg\u0161anas l\u012bmenis turpin\u0101s pieaugt, uz\u0146\u0113mumi risk\u0113 zaud\u0113t kvalific\u0113tus darbiniekus un palikt neaizsarg\u0101ti pret uzbrukumiem.&#8221;<\/p>\n<\/blockquote>\n<p>Sare\u017e\u0123\u012bt\u0101s sist\u0113mas, person\u0101la tr\u016bkums un m\u0101ksl\u012bg\u0101 intelekta (MI) paradokss<\/p>\n<p>Viena no galvenaj\u0101m izdeg\u0161anas c\u0113lo\u0146iem ir datu atjauno\u0161anas un aizsardz\u012bbas r\u012bku sare\u017e\u0123\u012bt\u012bba pret izspied\u0113jv\u012brusiem. 74% aptauj\u0101to uzskata, ka vi\u0146u izmantot\u0101s tehnolo\u0123ijas kait\u012bgo programmat\u016bras atjauno\u0161anai vai dz\u0113\u0161anai ir p\u0101r\u0101k sare\u017e\u0123\u012btas, lai t\u0101s efekt\u012bvi darbin\u0101tu bez dzi\u013c\u0101m kiberdro\u0161\u012bbas zin\u0101\u0161an\u0101m. \u0160o probl\u0113mu paspilgtina darba p\u0101rslodze, person\u0101la tr\u016bkums un garas darba stundas, kas grauj pa\u0161p\u0101rliecin\u0101t\u012bbu uzbrukumu laik\u0101. Daudzi speci\u0101listi atz\u012bm\u0113, ka \u0101tr\u0101kas un vienk\u0101r\u0161\u0101kas rezerves kop\u0113\u0161anas sist\u0113mas var\u0113tu mazin\u0101t spriedzi, un 65% uzskata, ka neatkar\u012bgi test\u0113tas tehnolo\u0123ijas pal\u012bdz\u0113tu justies dro\u0161\u0101k.<\/p>\n<p>Lai gan uz\u0146\u0113mumi arvien akt\u012bv\u0101k izmanto m\u0101ksl\u012bg\u0101 intelekta (MI) r\u012bkus, lai identific\u0113tu un rea\u0123\u0113tu uz draudiem, \u0161o sist\u0113mu p\u0101rvald\u012bbas nasta bie\u017ei gulstas uz cilv\u0113kiem. T\u0101 viet\u0101, lai mazin\u0101tu slodzi, tas rada papildu kognit\u012bvo nogurumu. T\u0101d\u0113\u013c eksperti nor\u0101da uz nepiecie\u0161am\u012bbu p\u0113c sist\u0113miskas ment\u0101l\u0101s vesel\u012bbas atbalsta, ne tikai tehnolo\u0123iskiem risin\u0101jumiem. Turkl\u0101t MI akt\u012bvi izmanto ar\u012b \u013caundari. Puse aptauj\u0101to uzskata, ka vi\u0146u uz\u0146\u0113mumi nepiev\u0113r\u0161 pietiekamu uzman\u012bbu darbinieku labb\u016bt\u012bbai. K\u0101 svar\u012bg\u0101kos pas\u0101kumus vi\u0146i min elast\u012bgu darba grafiku, darbinieku atbalsta programmas un psiholo\u0123isko pal\u012bdz\u012bbu.<\/p>\n<p>Lai pal\u012bdz\u0113tu speci\u0101listiem tikt gal\u0101 ar stresu, Object First sadarb\u012bb\u0101 ar organiz\u0101ciju Cybermindz izstr\u0101d\u0101 izgl\u012btojo\u0161us materi\u0101lus un resursus stresa vad\u012bbai, lai pal\u012bdz\u0113tu atjaunot koncentr\u0113\u0161anos un uzlabot atp\u016btu. \u0160\u012b iniciat\u012bva uzsver, ka invest\u012bcijas darbinieku ment\u0101laj\u0101 vesel\u012bb\u0101 ir ne maz\u0101k svar\u012bgas k\u0101 tehnolo\u0123isk\u0101s inov\u0101cijas.<\/p>\n","protected":false},"excerpt":{"rendered":"Cilv\u0113ciskais faktors kiberdro\u0161\u012bb\u0101: 60% speci\u0101listu apsver aizie\u0161anu Strauji augo\u0161ais kibernoziegumu apjoms un sare\u017e\u0123\u012bt\u012bba rada nepieredz\u0113tu spiedienu uz IT&hellip;\n","protected":false},"author":2,"featured_media":17228,"comment_status":"","ping_status":"","sticky":false,"template":"","format":"standard","meta":{"footnotes":""},"categories":[16],"tags":[77,76,5749,5750,5751,1064,35,39,38,36,37,34,40,87],"class_list":{"0":"post-17227","1":"post","2":"type-post","3":"status-publish","4":"format-standard","5":"has-post-thumbnail","7":"category-bizness","8":"tag-bizness","9":"tag-business","10":"tag-it-specialisti","11":"tag-izdegsana","12":"tag-kiberaizsardziba","13":"tag-kiberdrosiba","14":"tag-latvia","15":"tag-latvian","16":"tag-latviesu","17":"tag-latviesu-valoda","18":"tag-latviesuvaloda","19":"tag-latvija","20":"tag-lv","21":"tag-maksligais-intelekts"},"share_on_mastodon":{"url":"","error":""},"_links":{"self":[{"href":"https:\/\/www.europesays.com\/lv\/wp-json\/wp\/v2\/posts\/17227","targetHints":{"allow":["GET"]}}],"collection":[{"href":"https:\/\/www.europesays.com\/lv\/wp-json\/wp\/v2\/posts"}],"about":[{"href":"https:\/\/www.europesays.com\/lv\/wp-json\/wp\/v2\/types\/post"}],"author":[{"embeddable":true,"href":"https:\/\/www.europesays.com\/lv\/wp-json\/wp\/v2\/users\/2"}],"replies":[{"embeddable":true,"href":"https:\/\/www.europesays.com\/lv\/wp-json\/wp\/v2\/comments?post=17227"}],"version-history":[{"count":0,"href":"https:\/\/www.europesays.com\/lv\/wp-json\/wp\/v2\/posts\/17227\/revisions"}],"wp:featuredmedia":[{"embeddable":true,"href":"https:\/\/www.europesays.com\/lv\/wp-json\/wp\/v2\/media\/17228"}],"wp:attachment":[{"href":"https:\/\/www.europesays.com\/lv\/wp-json\/wp\/v2\/media?parent=17227"}],"wp:term":[{"taxonomy":"category","embeddable":true,"href":"https:\/\/www.europesays.com\/lv\/wp-json\/wp\/v2\/categories?post=17227"},{"taxonomy":"post_tag","embeddable":true,"href":"https:\/\/www.europesays.com\/lv\/wp-json\/wp\/v2\/tags?post=17227"}],"curies":[{"name":"wp","href":"https:\/\/api.w.org\/{rel}","templated":true}]}}