{"id":1724,"date":"2025-09-22T10:47:14","date_gmt":"2025-09-22T10:47:14","guid":{"rendered":"https:\/\/www.europesays.com\/lv\/1724\/"},"modified":"2025-09-22T10:47:14","modified_gmt":"2025-09-22T10:47:14","slug":"liepajas-koncertzalei-lielais-dzintars-vertiga-jubilejas-davana-jaunas-digitalas-ergeles-lente-lv","status":"publish","type":"post","link":"https:\/\/www.europesays.com\/lv\/1724\/","title":{"rendered":"Liep\u0101jas koncertz\u0101lei &#8220;Lielais dzintars&#8221; \u2013 v\u0113rt\u012bga jubilejas d\u0101vana: jaunas digit\u0101l\u0101s \u0113r\u0123eles\u00a0\u2014\u00a0Lente.lv"},"content":{"rendered":"<p>Koncertz\u0101le &#8220;Lielais dzintars&#8221; sa\u0146em v\u0113rt\u012bgu d\u0101vanu: digit\u0101l\u0101s \u0113r\u0123eles<\/p>\n<p>Liep\u0101jas koncertz\u0101le &#8220;Lielais dzintars&#8221; sav\u0101 desmit\u0101s jubilejas gad\u0101 ir sa\u0146\u0113musi iev\u0113rojamu un sv\u0113tku rezonansei atbilsto\u0161u d\u0101vanu \u2013 augstas klases digit\u0101l\u0101s \u0113r\u0123eles &#8220;Ahlborn Praeludium V&#8221;. \u0160is v\u0113rt\u012bgais m\u016bzikas instruments ir ieg\u0101d\u0101ts, pateicoties pla\u0161am atbalstam no ziedot\u0101jiem un uz\u0146\u0113m\u0113jiem, apliecinot pils\u0113tas un t\u0101s iedz\u012bvot\u0101ju r\u016bpes par kult\u016bras att\u012bst\u012bbu. D\u0101vin\u0101jums \u012bpa\u0161i izce\u013cas, jo tas papildin\u0101s koncertz\u0101les jau t\u0101 bag\u0101t\u012bgo programmu un sniegs jaunas rado\u0161\u0101s iesp\u0113jas gan viet\u0113jiem, gan viesm\u0101ksliniekiem. \u0160is notikums iez\u012bm\u0113 noz\u012bm\u012bgu pav\u0113rsienu &#8220;Liel\u0101 dzintara&#8221; desmit gadu past\u0101v\u0113\u0161anas v\u0113stur\u0113.<\/p>\n<p>Kopienas atbalsts un ambiciozs m\u0113r\u0137is<\/p>\n<p>Ideja par jaunu digit\u0101lo \u0113r\u0123e\u013cu ieg\u0101di rad\u0101s k\u0101 da\u013ca no &#8220;Liel\u0101 dzintara&#8221; desmit\u0101s jubilejas svin\u012bbu iecer\u0113m. Koncertz\u0101les vad\u012bba sadarb\u012bb\u0101 ar &#8220;Liep\u0101jas koncertz\u0101les &#8220;Lielais dzintars&#8221; att\u012bst\u012bbas biedr\u012bbu&#8221; uzs\u0101ka ziedojumu piesaistes kampa\u0146u ar saukli &#8220;Uzd\u0101vini koncertz\u0101lei \u0113r\u0123eles&#8221;. \u0160\u012bs kampa\u0146as m\u0113r\u0137is bija sav\u0101kt nepiecie\u0161amos 25 000 eiro, lai ieg\u0101d\u0101tos augstas klases digit\u0101l\u0101s \u0113r\u0123eles &#8220;Ahlborn Praeludium V&#8221;. \u0160is instruments, kas tiek uzskat\u012bts par vienu no lab\u0101kajiem tirg\u016b, tika izv\u0113l\u0113ts ar pasaulslaven\u0101s \u0113r\u0123elnieces Ivetas Apkalnas rekomend\u0101ciju, kura uzsv\u0113ra t\u0101 izcilo ska\u0146as kvalit\u0101ti un dabiskumu. &#8220;Ahlborn \u0113r\u0123el\u0113m ir visatbilsto\u0161\u0101kais l\u012bdzsvars starp m\u0101ksliniecisko kvalit\u0101ti, tehnisk\u0101m iesp\u0113j\u0101m un cenu. Esmu konstat\u0113jusi, ka \u0161is instruments skan visdabisk\u0101k. Liep\u0101jas koncertz\u0101lei tas b\u016btu milz\u012bgs ieguvums un lieliska d\u0101vana jubilej\u0101!&#8221; atzinusi Apkalna. Lai gan da\u013ca l\u012bdzek\u013cu n\u0101ca no att\u012bst\u012bbas biedr\u012bbas biedru naud\u0101m, iev\u0113rojama summa tika saziedota no uz\u0146\u0113m\u0113ju un priv\u0101tpersonu puses, kas apliecina dzi\u013cu izpratni par kult\u016bras noz\u012bmi pils\u0113tas dz\u012bv\u0113.<\/p>\n<p>Jaunais instruments un t\u0101 potenci\u0101ls<\/p>\n<p>Digit\u0101l\u0101s \u0113r\u0123eles &#8220;Ahlborn Praeludium V&#8221; ir ne tikai tehniski iespaid\u012bgs instruments, bet ar\u012b iev\u0113rojams papildin\u0101jums &#8220;Liel\u0101 dzintara&#8221; akustiskaj\u0101m un koncertprogrammu pied\u0101v\u0101juma iesp\u0113j\u0101m. Speci\u0101li pas\u016bt\u012btais instruments, kas tika izgatavots V\u0101cij\u0101 sadarb\u012bb\u0101 ar \u0113r\u0123e\u013cu meistaru Mihaelu Aihleru, uz Liep\u0101ju tika atg\u0101d\u0101ts ar pr\u0101mja &#8220;Stena Line&#8221; atbalstu. Instrumenta mobilit\u0101te \u013caus to izmantot da\u017e\u0101dos pas\u0101kumos un noris\u0113s, papla\u0161inot repertu\u0101ra robe\u017eas gan &#8220;Liep\u0101jas Simfoniskajam or\u0137estrim&#8221;, gan citiem m\u0101ksliniekiem. K\u0101 nor\u0101d\u012bjis SIA &#8220;Lielais Dzintars&#8221; valdes priek\u0161s\u0113d\u0113t\u0101js Timurs Tomsons, jaun\u0101s \u0113r\u0123eles dos koncertz\u0101lei un t\u0101s nomniekiem pla\u0161\u0101kas repertu\u0101ra iesp\u0113jas, dodot iesp\u0113ju rad\u012bt jaunas partit\u016bras un interpret\u0113t jau eso\u0161us ska\u0146darbus jaunos veidolos. \u0112r\u0123e\u013cu atkl\u0101\u0161anas koncerts, kur\u0101 piedal\u012bj\u0101s pasaulslaven\u0101 \u0113r\u0123elniece Iveta Apkalna, notika 2025. gada 20. septembr\u012b, iez\u012bm\u0113jot gan jubilejas gada noz\u012bm\u012bgu notikumu, gan jaun\u0101s instrumenta \u0113ras s\u0101kumu.<\/p>\n<p>Desmitgade kult\u016bras izaugsmes z\u012bm\u0113<\/p>\n<p>&#8220;Lielais dzintars&#8221; savu desmito jubileju atz\u012bm\u0113 ar pla\u0161u un daudzveid\u012bgu pas\u0101kumu programmu, kuras m\u0113r\u0137is ir rosin\u0101t ieklaus\u012b\u0161anos, cilv\u0113c\u012bgumu un m\u012blest\u012bbu. Desmit gadu laik\u0101 koncertz\u0101le ir k\u013cuvusi par neatsveramu Liep\u0101jas un Latvijas kult\u016bras dz\u012bves sast\u0101vda\u013cu, bag\u0101tinot to ar neaizmirstamiem koncertiem, m\u0101kslas projektiem un notikumiem. T\u0101 ir ieguvusi unik\u0101lu vietu Eiropas kult\u016bras kart\u0113, k\u013c\u016bstot par pils\u0113tas simbolu un magn\u0113tu gan viet\u0113jiem, gan starptautiskiem notikumiem. Jubilejas svin\u012bbas ir ne tikai atskats uz paveikto, bet ar\u012b apliecin\u0101jums turpin\u0101tajai izaugsmei un att\u012bst\u012bbai, nodro\u0161inot augstv\u0113rt\u012bgu kult\u016bras pieredzi ikvienam apmekl\u0113t\u0101jam. Jauno digit\u0101lo \u0113r\u0123e\u013cu d\u0101vin\u0101jums ir spilgts apliecin\u0101jums sabiedr\u012bbas atbalstam un ieguld\u012bjumam \u0161\u012bs kult\u016bras instit\u016bcijas n\u0101kotn\u0113.<\/p>\n","protected":false},"excerpt":{"rendered":"Koncertz\u0101le &#8220;Lielais dzintars&#8221; sa\u0146em v\u0113rt\u012bgu d\u0101vanu: digit\u0101l\u0101s \u0113r\u0123eles Liep\u0101jas koncertz\u0101le &#8220;Lielais dzintars&#8221; sav\u0101 desmit\u0101s jubilejas gad\u0101 ir sa\u0146\u0113musi&hellip;\n","protected":false},"author":2,"featured_media":1725,"comment_status":"","ping_status":"","sticky":false,"template":"","format":"standard","meta":{"footnotes":""},"categories":[5],"tags":[677,1070,23,28,29,1069,32,33,22,1071,30,31,35,39,38,36,37,34,445,40,20,26,27,24,25,21],"class_list":{"0":"post-1724","1":"post","2":"type-post","3":"status-publish","4":"format-standard","5":"has-post-thumbnail","7":"category-aktualitates","8":"tag-lielais-dzintars","9":"tag-ahlborn-praeludium-v","10":"tag-aktualitates","11":"tag-breaking-news","12":"tag-breakingnews","13":"tag-digitalas-ergeles","14":"tag-featured-news","15":"tag-featurednews","16":"tag-headlines","17":"tag-jubilejas-davana","18":"tag-latest-news","19":"tag-latestnews","20":"tag-latvia","21":"tag-latvian","22":"tag-latviesu","23":"tag-latviesu-valoda","24":"tag-latviesuvaloda","25":"tag-latvija","26":"tag-liepajas-koncertzale","27":"tag-lv","28":"tag-news","29":"tag-popularakas-zinas","30":"tag-popularakaszinas","31":"tag-top-stories","32":"tag-topstories","33":"tag-zinas"},"share_on_mastodon":{"url":"","error":""},"_links":{"self":[{"href":"https:\/\/www.europesays.com\/lv\/wp-json\/wp\/v2\/posts\/1724","targetHints":{"allow":["GET"]}}],"collection":[{"href":"https:\/\/www.europesays.com\/lv\/wp-json\/wp\/v2\/posts"}],"about":[{"href":"https:\/\/www.europesays.com\/lv\/wp-json\/wp\/v2\/types\/post"}],"author":[{"embeddable":true,"href":"https:\/\/www.europesays.com\/lv\/wp-json\/wp\/v2\/users\/2"}],"replies":[{"embeddable":true,"href":"https:\/\/www.europesays.com\/lv\/wp-json\/wp\/v2\/comments?post=1724"}],"version-history":[{"count":0,"href":"https:\/\/www.europesays.com\/lv\/wp-json\/wp\/v2\/posts\/1724\/revisions"}],"wp:featuredmedia":[{"embeddable":true,"href":"https:\/\/www.europesays.com\/lv\/wp-json\/wp\/v2\/media\/1725"}],"wp:attachment":[{"href":"https:\/\/www.europesays.com\/lv\/wp-json\/wp\/v2\/media?parent=1724"}],"wp:term":[{"taxonomy":"category","embeddable":true,"href":"https:\/\/www.europesays.com\/lv\/wp-json\/wp\/v2\/categories?post=1724"},{"taxonomy":"post_tag","embeddable":true,"href":"https:\/\/www.europesays.com\/lv\/wp-json\/wp\/v2\/tags?post=1724"}],"curies":[{"name":"wp","href":"https:\/\/api.w.org\/{rel}","templated":true}]}}