{"id":17247,"date":"2025-10-10T00:56:08","date_gmt":"2025-10-10T00:56:08","guid":{"rendered":"https:\/\/www.europesays.com\/lv\/17247\/"},"modified":"2025-10-10T00:56:08","modified_gmt":"2025-10-10T00:56:08","slug":"spriedze-starp-oficialajiem-kadriem-un-politisko-realitati-lente-lv","status":"publish","type":"post","link":"https:\/\/www.europesays.com\/lv\/17247\/","title":{"rendered":"spriedze starp ofici\u0101lajiem kadriem un politisko realit\u0101ti\u00a0\u2014\u00a0Lente.lv"},"content":{"rendered":"<p>Politisko l\u012bderu attiec\u012bbas: Rink\u0113vi\u010ds un Sili\u0146a aizvien uz saspringuma vi\u013c\u0146a<\/p>\n<p>Valsts prezidenta Edgara Rink\u0113vi\u010da un Ministru prezidentes Evikas Sili\u0146as publisk\u0101s attiec\u012bbas turpina iez\u012bm\u0113t aizvien j\u016btamu sasp\u012bl\u0113jumu. Lai gan abi politiskie l\u012bderi ik pa laikam tiekas, lai apspriestu valstij noz\u012bm\u012bgus jaut\u0101jumus, publiskaj\u0101 telp\u0101 un pat ofici\u0101lajos fotomateri\u0101los nereti atspogu\u013cojas at\u0161\u0137ir\u012bga pieeja un varas kanceleju un prezidenta kancelejas rad\u012bto vizu\u0101lo narrat\u012bvu nianses. Tas liecina par dzi\u013c\u0101k\u0101m domstarp\u012bb\u0101m, kas past\u0101v, ne vien publiskaj\u0101 retorik\u0101, bet ar\u012b ikdienas politiskaj\u0101 darb\u0101.<\/p>\n<p>Vizualiz\u0101cijas at\u0161\u0137ir\u012bbas k\u0101 spriedzes atspogu\u013cojums<\/p>\n<p>K\u0101rt\u0113jais apliecin\u0101jums min\u0113tajam sasp\u012blumam bija abu augsto amatpersonu tik\u0161an\u0101s R\u012bgas pil\u012b \u0161\u012b gada 8. apr\u012bl\u012b. Valsts prezidenta kancelejas un Valsts kancelejas (Ministru kabineta) sagatavot\u0101s fotogr\u0101fijas rad\u012bja iespaidu par at\u0161\u0137ir\u012bgu pas\u0101kuma uztveri un atspogu\u013cojumu. Kam\u0113r Valsts prezidenta kancelejas fotogr\u0101fij\u0101s bie\u017e\u0101k man\u0101ma cie\u0146pilna un ofici\u0101la gaisotne, Valsts kancelejas public\u0113tie att\u0113li reiz\u0113m demonstr\u0113 nians\u0113t\u0101ku vai pat at\u0161\u0137ir\u012bgu skat\u012bjumu uz notiku\u0161o. \u0160\u0101das vizu\u0101l\u0101s at\u0161\u0137ir\u012bbas nav tikai gaumes jaut\u0101jums; t\u0101s var kalpot k\u0101 metafora politisko sp\u0113ku starp\u0101 valdo\u0161aj\u0101m domstarp\u012bb\u0101m un katra atsevi\u0161\u0137\u0101 instit\u016bta centieniem defin\u0113t savu poz\u012bciju un ietekmi. \u0160is fenomens nav jauns Latvijas politik\u0101, ta\u010du tas joproj\u0101m kalpo k\u0101 interesants p\u0113t\u012bjuma objekts, atkl\u0101jot sare\u017e\u0123\u012btos dinamiskos procesus starp valsts galvas un vald\u012bbas vad\u012bt\u0101ja attiec\u012bb\u0101m.<\/p>\n<p>Politisko priorit\u0101\u0161u un bud\u017eeta izaicin\u0101jumi<\/p>\n<p>\u0160\u012b gada oktobra s\u0101kum\u0101, tiekoties ar Ministru prezidenti Eviku Sili\u0146u, Valsts prezidents Edgars Rink\u0113vi\u010ds uzsv\u0113ra nepiecie\u0161am\u012bbu p\u0113c vald\u012bbas vienot\u012bbas un efekt\u012bvas darb\u012bbas, \u012bpa\u0161i akcent\u0113jot bud\u017eeta pie\u0146em\u0161anas noz\u012bmi k\u0101 vald\u012bbas darba spoguli . Prezidents skaidri nor\u0101d\u012bja, ka, ja eso\u0161\u0101 vald\u012bba nesp\u0113j nodro\u0161in\u0101t efekt\u012bvu darbu, tai ir j\u0101atbr\u012bvo vieta citiem politiskajiem sp\u0113kiem . \u0160\u012b stingr\u0101 nost\u0101ja sakrita ar nepiecie\u0161am\u012bbu sagatavot 2026. gada valsts bud\u017eetu, kas prasa ne tikai politisko gribu, bet ar\u012b finansi\u0101lu nodro\u0161in\u0101jumu valsts dro\u0161\u012bbas stiprin\u0101\u0161anai, demogr\u0101fijas politikai, vesel\u012bbas apr\u016bpei un izgl\u012bt\u012bbai . Prezidents aicin\u0101ja politi\u0137us atmest konfront\u0113jo\u0161o retoriku un koncentr\u0113ties uz \u0161o b\u016btisko jaut\u0101jumu risin\u0101\u0161anu, uzsverot, ka dro\u0161\u012bbas stiprin\u0101\u0161ana, \u0146emot v\u0113r\u0101 pa\u0161reiz\u0113jo \u0123eopolitisko situ\u0101ciju, ir priorit\u0101te .<\/p>\n<p>Sabiedr\u012bbas uztic\u012bbas kr\u012bze un nepopul\u0101ri l\u0113mumi<\/p>\n<p>Neskatoties uz vald\u012bbas deklar\u0113tajiem m\u0113r\u0137iem, sabiedr\u012bbas noska\u0146ojums par t\u0101s darbu bie\u017ei vien ir kritisks. Jaun\u0101k\u0101s sabiedrisk\u0101s domas aptaujas liecina, ka Evikas Sili\u0146as vad\u012bt\u0101s vald\u012bbas darbs liel\u0101kajai da\u013cai Latvijas iedz\u012bvot\u0101ju raisa neapmierin\u0101t\u012bbu un pat pesimismu . \u0160\u012b tendence ir saprotama, jo bie\u017ei vien vald\u012bbas ir spiestas pie\u0146emt nepopul\u0101rus l\u0113mumus, lai nodro\u0161in\u0101tu valsts ilgtermi\u0146a stabilit\u0101ti un att\u012bst\u012bbu. Ministru prezidente Evika Sili\u0146a ir atzinusi, ka vald\u012bbai ir gr\u016bti b\u016bt popul\u0101rai, kad j\u0101pie\u0146em daudzi nepopul\u0101ri l\u0113mumi, ta\u010du uzsv\u0113rusi, ka patlaban nav laika mekl\u0113t veidus, k\u0101 destabiliz\u0113t vald\u012bbu .<\/p>\n<p>Domstarp\u012bbas par Stambulas konvenciju un koal\u012bcijas dinamika<\/p>\n<p>Viena no jautr\u0101kaj\u0101m politiskaj\u0101m diskusij\u0101m p\u0113d\u0113j\u0101 laik\u0101 ir saist\u012bta ar Stambulas konvencijas denons\u0113\u0161anas ieceri. Lai gan starptautiskais l\u012bgums, kura m\u0113r\u0137is ir nov\u0113rst vardarb\u012bbu pret sieviet\u0113m un vardarb\u012bbu \u0123imen\u0113, Latvij\u0101 st\u0101j\u0101s sp\u0113k\u0101 2024. gada 1. maij\u0101 , da\u017ei koal\u012bcijas partneri, \u012bpa\u0161i Za\u013co un Zemnieku savien\u012bba, pau\u017e atbalstu t\u0101s denons\u0113\u0161anai. Tas rada spriedzi valdo\u0161aj\u0101 koal\u012bcij\u0101, jo citi koal\u012bcijas sp\u0113ki ie\u0146em pret\u0113ju nost\u0101ju . Prezidents ir aicin\u0101jis Saeimu atbild\u012bgi un r\u016bp\u012bgi izv\u0113rt\u0113t \u0161o jaut\u0101jumu . \u0160\u012b domekles at\u0161\u0137ir\u012bba par tik sensit\u012bvu t\u0113mu skaidri par\u0101da, cik trausla un sare\u017e\u0123\u012bta ir pa\u0161reiz\u0113j\u0101 koal\u012bcijas dinamika un cik gr\u016bti ir pan\u0101kt vienpr\u0101t\u012bbu pat par starptautiski noz\u012bm\u012bgiem jaut\u0101jumiem.<\/p>\n<p>N\u0101kotnes perspekt\u012bvas un politisk\u0101s stabilit\u0101tes noz\u012bme<\/p>\n<p>Valsts prezidents Edgars Rink\u0113vi\u010ds sav\u0101s uzrun\u0101s regul\u0101ri uzsver nepiecie\u0161am\u012bbu p\u0113c politisk\u0101s stabilit\u0101tes un sp\u0113jas vienoties par valsts att\u012bst\u012bbai svar\u012bgiem jaut\u0101jumiem . \u0160\u012b stabilit\u0101te ir fundament\u0101la, lai nodro\u0161in\u0101tu valsts dro\u0161\u012bbu, demogr\u0101fisko att\u012bst\u012bbu, konkur\u0113tsp\u0113ju un izgl\u012bt\u012bbas l\u012bmeni . \u012apa\u0161i svar\u012bgi tas ir pa\u0161reiz\u0113j\u0101 \u0123eopolitiskaj\u0101 situ\u0101cij\u0101, kad valsts dro\u0161\u012bbas stiprin\u0101\u0161ana prasa ne tikai finan\u0161u resursus un sp\u0113ju veido\u0161anu, bet ar\u012b cie\u0161u sadarb\u012bbu ar NATO sabiedrotajiem un inform\u0101cijas notur\u0113\u0161anu par dro\u0161\u012bbas situ\u0101ciju . Lai gan publiskaj\u0101 telp\u0101 Rink\u0113vi\u010da un Sili\u0146as attiec\u012bbas var \u0161\u0137ist saspringtas, ir svar\u012bgi atcer\u0113ties, ka politiskais process ir sare\u017e\u0123\u012bts un prasa nep\u0101rtrauktu dialogu un kompromisu mekl\u0113\u0161anu. Tik\u0161an\u0101s starp prezidentu un premjeri, lai gan reiz\u0113m iez\u012bm\u0113tas ar neliel\u0101m at\u0161\u0137ir\u012bb\u0101m fotogr\u0101fiskaj\u0101 atspogu\u013cojum\u0101, turpina kalpot k\u0101 platforma valsts svar\u012bg\u0101ko jaut\u0101jumu apsprie\u0161anai un risin\u0101\u0161anai.<\/p>\n","protected":false},"excerpt":{"rendered":"Politisko l\u012bderu attiec\u012bbas: Rink\u0113vi\u010ds un Sili\u0146a aizvien uz saspringuma vi\u013c\u0146a Valsts prezidenta Edgara Rink\u0113vi\u010da un Ministru prezidentes Evikas&hellip;\n","protected":false},"author":2,"featured_media":17248,"comment_status":"","ping_status":"","sticky":false,"template":"","format":"standard","meta":{"footnotes":""},"categories":[5],"tags":[23,28,29,32,33,22,30,31,35,39,38,36,37,34,5753,814,40,20,5754,26,27,5752,24,25,4338,21],"class_list":{"0":"post-17247","1":"post","2":"type-post","3":"status-publish","4":"format-standard","5":"has-post-thumbnail","7":"category-aktualitates","8":"tag-aktualitates","9":"tag-breaking-news","10":"tag-breakingnews","11":"tag-featured-news","12":"tag-featurednews","13":"tag-headlines","14":"tag-latest-news","15":"tag-latestnews","16":"tag-latvia","17":"tag-latvian","18":"tag-latviesu","19":"tag-latviesu-valoda","20":"tag-latviesuvaloda","21":"tag-latvija","22":"tag-latvijas-premjerministre","23":"tag-latvijas-prezidents","24":"tag-lv","25":"tag-news","26":"tag-politiskas-attiecibas","27":"tag-popularakas-zinas","28":"tag-popularakaszinas","29":"tag-rinkevics-silina","30":"tag-top-stories","31":"tag-topstories","32":"tag-valdibas-stabilitate","33":"tag-zinas"},"share_on_mastodon":{"url":"","error":""},"_links":{"self":[{"href":"https:\/\/www.europesays.com\/lv\/wp-json\/wp\/v2\/posts\/17247","targetHints":{"allow":["GET"]}}],"collection":[{"href":"https:\/\/www.europesays.com\/lv\/wp-json\/wp\/v2\/posts"}],"about":[{"href":"https:\/\/www.europesays.com\/lv\/wp-json\/wp\/v2\/types\/post"}],"author":[{"embeddable":true,"href":"https:\/\/www.europesays.com\/lv\/wp-json\/wp\/v2\/users\/2"}],"replies":[{"embeddable":true,"href":"https:\/\/www.europesays.com\/lv\/wp-json\/wp\/v2\/comments?post=17247"}],"version-history":[{"count":0,"href":"https:\/\/www.europesays.com\/lv\/wp-json\/wp\/v2\/posts\/17247\/revisions"}],"wp:featuredmedia":[{"embeddable":true,"href":"https:\/\/www.europesays.com\/lv\/wp-json\/wp\/v2\/media\/17248"}],"wp:attachment":[{"href":"https:\/\/www.europesays.com\/lv\/wp-json\/wp\/v2\/media?parent=17247"}],"wp:term":[{"taxonomy":"category","embeddable":true,"href":"https:\/\/www.europesays.com\/lv\/wp-json\/wp\/v2\/categories?post=17247"},{"taxonomy":"post_tag","embeddable":true,"href":"https:\/\/www.europesays.com\/lv\/wp-json\/wp\/v2\/tags?post=17247"}],"curies":[{"name":"wp","href":"https:\/\/api.w.org\/{rel}","templated":true}]}}