{"id":17276,"date":"2025-10-10T02:27:09","date_gmt":"2025-10-10T02:27:09","guid":{"rendered":"https:\/\/www.europesays.com\/lv\/17276\/"},"modified":"2025-10-10T02:27:09","modified_gmt":"2025-10-10T02:27:09","slug":"agnese-eglina-un-guntis-kuzma-aicina-uz-nakts-sarunam-rudens-kamermuzikas-festivala-lente-lv","status":"publish","type":"post","link":"https:\/\/www.europesays.com\/lv\/17276\/","title":{"rendered":"Agnese Egli\u0146a un Guntis Kuzma aicina uz &#8220;Nakts sarun\u0101m&#8221; Rudens kamerm\u016bzikas festiv\u0101l\u0101\u00a0\u2014\u00a0Lente.lv"},"content":{"rendered":"<p>Rudens kamerm\u016bzikas festiv\u0101ls atkl\u0101s &#8220;Nakts sarunas&#8221; ar Egli\u0146u un Kuzmu<\/p>\n<p>\u0160\u012b gada 17. oktobr\u012b \u201cSp\u012b\u0137eru koncertz\u0101l\u0113\u201d gaid\u0101ms \u012bpa\u0161s notikums \u2013 klaus\u012bt\u0101ji aicin\u0101ti uz koncertprogrammu &#8220;Nakts sarunas&#8221;, kur\u0101 uz vienas skatuves satiksies divi izcili Latvijas m\u016bzi\u0137i: ener\u0123isk\u0101 pianiste Agnese Egli\u0146a un daudzpus\u012bgais klarnetists Guntis Kuzma. \u0160is priek\u0161nesums ir da\u013ca no pla\u0161\u0101k\u0101 Rudens kamerm\u016bzikas festiv\u0101la, kas norisin\u0101sies no 9. l\u012bdz 24. oktobrim R\u012bg\u0101 un J\u016brmal\u0101, pied\u0101v\u0101jot klaus\u012bt\u0101jiem int\u012bmas ska\u0146u ainavas un aizraujo\u0161us muzik\u0101lus atkl\u0101jumus.<\/p>\n<p>M\u016bzi\u0137u sadarb\u012bbas dzi\u013cums un jaunrade<\/p>\n<p>Agnese Egli\u0146a un Guntis Kuzma nav sve\u0161i viens otram \u2013 vi\u0146u rado\u0161\u0101 sadarb\u012bba aizs\u0101k\u0101s jau studiju gados Latvijas M\u016bzikas akad\u0113mij\u0101. Kop\u012bgi vi\u0146i ir rad\u012bju\u0161i un atska\u0146oju\u0161i vair\u0101kas koncertprogrammas, k\u0101 ar\u012b pirmatska\u0146oju\u0161i vair\u0101kus speci\u0101li vi\u0146u duetam sacer\u0113tus jaunus ska\u0146darbus. \u0160\u012b kop\u012bg\u0101 pieredze \u013cauj vi\u0146iem uz skatuves rad\u012bt \u012bpa\u0161u, dzi\u013cu un saska\u0146otu muzik\u0101lu dialogu, kas klaus\u012bt\u0101ju aizved\u012bs uz neaizmirstamu emocion\u0101lo ce\u013cojumu. Vi\u0146u kopdarbs ir apliecin\u0101jums m\u016bsdienu kamerm\u016bzikas dinamiskajai un daudzveid\u012bgajai pasaulei.<\/p>\n<p>Koncertprogrammas &#8220;Nakts sarunas&#8221; muzik\u0101l\u0101 bag\u0101t\u012bba<\/p>\n<p>Koncertprogramm\u0101 &#8220;Nakts sarunas&#8221; skan\u0113s gan latvie\u0161u, gan pasaules komponistu darbi, kas ir ret\u0101k dzirdamas kamerm\u016bzikas p\u0113rles. Klaus\u012bt\u0101ji var\u0113s izbaud\u012bt Andra Dzen\u012b\u0161a klarnetes son\u0101tes &#8220;Spogu\u013cos&#8221; pirmatska\u0146ojumu, kas sol\u0101s b\u016bt viens no koncerta spilgt\u0101kajiem br\u012b\u017eiem. Papildus tam programm\u0101 iek\u013cauta Marinas Gribin\u010dikas anal\u012btisk\u0101 Klarnetes son\u0101te, P\u0113tera Plakida &#8220;Nakts sarunas&#8221;, kas ar savu zobgal\u012bgi satirisko dabu pie\u0161\u0137irs koncertam nepiecie\u0161amo vieglumu un humoru. T\u0101pat skan\u0113s Me\u010dislava Veinberga emocion\u0101li pies\u0101tin\u0101tais darbs un Leras Auerbahas klavierminiat\u016bras, radot daudzpus\u012bgu un bag\u0101t\u012bgu muzik\u0101lo audumu.<\/p>\n<p>Rudens kamerm\u016bzikas festiv\u0101la pla\u0161\u0101k\u0101 aina<\/p>\n<p>Koncertprogramma &#8220;Nakts sarunas&#8221; ir tikai viena no daudz\u0101m aizraujo\u0161\u0101m noris\u0113m Rudens kamerm\u016bzikas festiv\u0101l\u0101. \u0160\u012b gada festiv\u0101ls, kas norisin\u0101s no 9. l\u012bdz 24. oktobrim, pied\u0101v\u0101 pla\u0161u un daudzveid\u012bgu programmu, kas atkl\u0101s gan jaunus muzik\u0101lus horizontus, gan \u013caus izbaud\u012bt paz\u012bstamu meistaru sniegumu. Festiv\u0101la atkl\u0101\u0161an\u0101 9. oktobr\u012b Latvijas Universit\u0101tes Lielaj\u0101 aul\u0101 uzst\u0101sies v\u0101cu m\u016bzi\u0137is J\u0113rgs Vidmanis kop\u0101 ar kameror\u0137estri &#8220;Sinfonietta R\u012bga&#8221;. Vidmanis sevi par\u0101d\u012bs k\u0101 komponists, klarnetists un diri\u0123ents, atska\u0146ojot ska\u0146darbus no V\u012bnes klasikas l\u012bdz pat m\u016bsdien\u0101m. T\u0101pat festiv\u0101l\u0101 piedal\u012bsies jaun\u0101s paaudzes pianists Daumants Liepi\u0146\u0161, kur\u0161 10. oktobr\u012b sniegs solokoncertu Dzintaru koncertz\u0101les Mazaj\u0101 z\u0101l\u0113, pied\u0101v\u0101jot programmu ar Fran\u010da Lista, Kloda Debis\u012b un Semjuela B\u0101rbera darbiem. Par \u012bpa\u0161u notikumu festiv\u0101l\u0101 tiek uzskat\u012bts pasaulslaven\u0101s v\u0101cu vijolnieces Izabellas Faustas uzst\u0101\u0161an\u0101s, kura sa\u0146\u0113musi presti\u017e\u0101s &#8220;Gramophone Award 2024&#8221; un &#8220;Opus Klassik 2024&#8221; balvas. Festiv\u0101la nosl\u0113guma koncert\u0101 24. oktobr\u012b Izabella Faustas sniegum\u0101 skan\u0113s Johana Sebastiana Bahs.<\/p>\n<p>Sp\u012b\u0137eru koncertz\u0101le \u2013 m\u016bzikas m\u0101jvieta<\/p>\n<p>\u201cSp\u012b\u0137eru koncertz\u0101le\u201d, kas atrodas R\u012bg\u0101, \u0122ener\u0101\u013ca Radzi\u0146a krastmal\u0101 3, ir k\u013cuvusi par noz\u012bm\u012bgu kult\u016bras un m\u016bzikas centru. \u0160\u012b \u0113ka ir m\u0101jvieta Latvijas lab\u0101kajiem profesion\u0101lajiem m\u016bzi\u0137iem, tostarp kameror\u0137estrim &#8220;Sinfonietta R\u012bga&#8221; un &#8220;Latvijas Radio korim&#8221;. T\u0101 ir vieta, kur dzimst un att\u012bst\u0101s m\u0101ksliniecisk\u0101s idejas, skatuve m\u016bsdien\u012bgiem ska\u0146u m\u0101kslas projektiem un muzik\u0101liem eksperimentiem. Koncertz\u0101le akt\u012bvi pied\u0101v\u0101 pla\u0161u pas\u0101kumu kl\u0101stu da\u017e\u0101d\u0101m auditorij\u0101m, tai skait\u0101 izgl\u012btojo\u0161us koncertus un meistarklases b\u0113rniem un jaunie\u0161iem.<\/p>\n<p>M\u016bzi\u0137u pag\u0101tnes un n\u0101kotnes saikne<\/p>\n<p>Agnese Egli\u0146a, daudzk\u0101rt\u0113j\u0101 Liel\u0101s m\u016bzikas balvas laure\u0101te, ir paz\u012bstama ar savu pla\u0161o repertu\u0101ru un aizraut\u012bgo pieeju m\u016bzikai. Vi\u0146as karjera ir bijusi piepild\u012bta ar spilgt\u0101m uzst\u0101\u0161an\u0101s reiz\u0113m gan Latvij\u0101, gan starptautisk\u0101 m\u0113rog\u0101. Guntis Kuzma, kur\u0161 ieguvis Liel\u0101s m\u016bzikas balvu 2018. gad\u0101, ir ne tikai talant\u012bgs klarinetists, bet ar\u012b spo\u017es diri\u0123ents, kur\u0161 vad\u012bjis vair\u0101kus Latvijas un starptautiskos or\u0137estrus, tai skait\u0101 Liep\u0101jas Simfonisko or\u0137estri. Vi\u0146a interese par laikmet\u012bgo m\u016bziku un daudzo jaundarbu pirmatska\u0146ojumi apliecina vi\u0146a neatlaid\u012bgo v\u0113lmi papla\u0161in\u0101t m\u016bzikas robe\u017eas. Abu m\u016bzi\u0137u kop\u012bg\u0101 pieredze un cie\u0161\u0101 draudz\u012bba ir vainagojusies ar albuma &#8220;Rosenband&#8221; ierakstu 2021. gad\u0101, kas guvis nomin\u0101cijas presti\u017eajai &#8220;Opus Klassik&#8221; balvai.<\/p>\n<p>M\u016bzikas piedz\u012bvojums un p\u0101rdz\u012bvojums<\/p>\n<p>Rudens kamerm\u016bzikas festiv\u0101ls aicina ikvienu apmekl\u0113t\u0101ju izbaud\u012bt kamerm\u016bziku k\u0101 dzi\u013ci personisku un emocion\u0101lu ce\u013cojumu. Tas ir aicin\u0101jums apst\u0101ties ikdienas steig\u0101 un \u013cauties m\u016bzikas burv\u012bbai, kas sp\u0113j uzl\u0101d\u0113t dv\u0113seli un sniegt mieru. Katrs ska\u0146darbs, katrs izpild\u012bjums ir k\u0101 aicin\u0101jums uz sarunu \u2013 gan ar sevi, gan ar apk\u0101rt\u0113jo pasauli. T\u0101 ir iesp\u0113ja atkl\u0101t jaunas ska\u0146u pasaules un g\u016bt neaizmirstamas muzik\u0101las emocijas.<\/p>\n","protected":false},"excerpt":{"rendered":"Rudens kamerm\u016bzikas festiv\u0101ls atkl\u0101s &#8220;Nakts sarunas&#8221; ar Egli\u0146u un Kuzmu \u0160\u012b gada 17. oktobr\u012b \u201cSp\u012b\u0137eru koncertz\u0101l\u0113\u201d gaid\u0101ms \u012bpa\u0161s&hellip;\n","protected":false},"author":2,"featured_media":17277,"comment_status":"","ping_status":"","sticky":false,"template":"","format":"standard","meta":{"footnotes":""},"categories":[19],"tags":[5759,89,5760,90,5763,4826,35,39,38,36,37,34,5764,40,5762,5761,4482],"class_list":{"0":"post-17276","1":"post","2":"type-post","3":"status-publish","4":"format-standard","5":"has-post-thumbnail","7":"category-izklaide","8":"tag-agnese-eglina","9":"tag-entertainment","10":"tag-guntis-kuzma","11":"tag-izklaide","12":"tag-kamermuzika","13":"tag-klarnete","14":"tag-latvia","15":"tag-latvian","16":"tag-latviesu","17":"tag-latviesu-valoda","18":"tag-latviesuvaloda","19":"tag-latvija","20":"tag-latvijas-muziki","21":"tag-lv","22":"tag-pianiste","23":"tag-rudens-kamermuzikas-festivals","24":"tag-spikeru-koncertzale"},"share_on_mastodon":{"url":"","error":""},"_links":{"self":[{"href":"https:\/\/www.europesays.com\/lv\/wp-json\/wp\/v2\/posts\/17276","targetHints":{"allow":["GET"]}}],"collection":[{"href":"https:\/\/www.europesays.com\/lv\/wp-json\/wp\/v2\/posts"}],"about":[{"href":"https:\/\/www.europesays.com\/lv\/wp-json\/wp\/v2\/types\/post"}],"author":[{"embeddable":true,"href":"https:\/\/www.europesays.com\/lv\/wp-json\/wp\/v2\/users\/2"}],"replies":[{"embeddable":true,"href":"https:\/\/www.europesays.com\/lv\/wp-json\/wp\/v2\/comments?post=17276"}],"version-history":[{"count":0,"href":"https:\/\/www.europesays.com\/lv\/wp-json\/wp\/v2\/posts\/17276\/revisions"}],"wp:featuredmedia":[{"embeddable":true,"href":"https:\/\/www.europesays.com\/lv\/wp-json\/wp\/v2\/media\/17277"}],"wp:attachment":[{"href":"https:\/\/www.europesays.com\/lv\/wp-json\/wp\/v2\/media?parent=17276"}],"wp:term":[{"taxonomy":"category","embeddable":true,"href":"https:\/\/www.europesays.com\/lv\/wp-json\/wp\/v2\/categories?post=17276"},{"taxonomy":"post_tag","embeddable":true,"href":"https:\/\/www.europesays.com\/lv\/wp-json\/wp\/v2\/tags?post=17276"}],"curies":[{"name":"wp","href":"https:\/\/api.w.org\/{rel}","templated":true}]}}